{"id":830,"date":"2020-06-03T10:34:29","date_gmt":"2020-06-03T08:34:29","guid":{"rendered":"https:\/\/blog.smoking.fr\/?p=830"},"modified":"2021-03-25T10:38:56","modified_gmt":"2021-03-25T09:38:56","slug":"lunion-europeenne-dit-adieu-aux-cigarettes-au-menthol","status":"publish","type":"post","link":"https:\/\/blog.smoking.fr\/lunion-europeenne-dit-adieu-aux-cigarettes-au-menthol\/","title":{"rendered":"L\u2019Union europ\u00e9enne dit adieu aux cigarettes au menthol"},"content":{"rendered":"<div class=\"entry-content mb-4\">\n<p>Si elles sont commercialis\u00e9es depuis les ann\u00e9es 30, depuis le mercredi 20 mai, la vente des cigarettes au menthol dans l\u2019Union europ\u00e9enne est d\u00e9sormais interdite. D\u00e9cid\u00e9 en 2014, il aura fallu 6 ans pour l\u2019appliquer. Cette interdiction vise \u00e0 d\u00e9truire une strat\u00e9gie marketing mise en place par les fabricants de cigarettes. Explications.<\/p>\n<div id=\"ez-toc-container\" class=\"ez-toc-v2_0_82_2 counter-hierarchy ez-toc-counter ez-toc-grey ez-toc-container-direction\">\n<div class=\"ez-toc-title-container\"><p class=\"ez-toc-title\" style=\"cursor:inherit\">Contenus de la page :<\/p>\n<\/div><nav><ul class='ez-toc-list ez-toc-list-level-1 ' ><li class='ez-toc-page-1 ez-toc-heading-level-2'><a class=\"ez-toc-link ez-toc-heading-1\" href=\"https:\/\/blog.smoking.fr\/lunion-europeenne-dit-adieu-aux-cigarettes-au-menthol\/#Un_produit_marketing_hautement_dangereux\" >Un produit marketing hautement dangereux<\/a><\/li><li class='ez-toc-page-1 ez-toc-heading-level-2'><a class=\"ez-toc-link ez-toc-heading-2\" href=\"https:\/\/blog.smoking.fr\/lunion-europeenne-dit-adieu-aux-cigarettes-au-menthol\/#10_du_marche_total_du_tabac_dans_le_monde_qui_partent_en_fumee\" >10% du march\u00e9 total du tabac dans le monde qui partent en fum\u00e9e<\/a><\/li><li class='ez-toc-page-1 ez-toc-heading-level-2'><a class=\"ez-toc-link ez-toc-heading-3\" href=\"https:\/\/blog.smoking.fr\/lunion-europeenne-dit-adieu-aux-cigarettes-au-menthol\/#Le_menthol_bien_plus_nocif_quil_ny_parait\" >Le menthol, bien plus nocif qu&rsquo;il n&rsquo;y para\u00eet<\/a><\/li><\/ul><\/nav><\/div>\n<h2><span class=\"ez-toc-section\" id=\"Un_produit_marketing_hautement_dangereux\"><\/span>Un produit marketing hautement dangereux<span class=\"ez-toc-section-end\"><\/span><\/h2>\n<p>Selon les militants antitabac, les cigarettes menthol\u00e9es \u00e9taient de v\u00e9ritables bombes \u00e0 retardement, notamment aupr\u00e8s des plus jeunes. Le petit go\u00fbt menthol\u00e9 \u00e9tait vendu comme moins irritant et plus rafra\u00eechissant. Il s\u2019agissait d\u2019ailleurs d\u2019un produit \u00e0 destination des femmes. Sauf que celles-ci finissaient par se tourner vers des cigarettes plus charg\u00e9es en goudrons par la suite. Une publicit\u00e9 mensong\u00e8re \u00e9difiante et nocive qui a \u00e9t\u00e9 le cheval de bataille des militants antitabac.<\/p>\n<p>Les ar\u00f4mes du tabac ne sont en effet utilis\u00e9s que dans le but de rendre la substance plus douce et agr\u00e9able en bouche. Depuis 2014, les pays de l\u2019Union europ\u00e9enne ont banni les ar\u00f4mes dans le tabac. Seulement, les cigarettiers se sont battus pour que subsiste celui du menthol. Mais apr\u00e8s des ann\u00e9es d\u2019acharnement, les militants antitabac gagnent la partie.<\/p>\n<h2><span class=\"ez-toc-section\" id=\"10_du_marche_total_du_tabac_dans_le_monde_qui_partent_en_fumee\"><\/span>10% du march\u00e9 total du tabac dans le monde qui partent en fum\u00e9e<span class=\"ez-toc-section-end\"><\/span><\/h2>\n<p>10 %, c\u2019est la part que repr\u00e9sentait le tabac menthol\u00e9 dans le monde. C\u2019est du moins ce que r\u00e9v\u00e8le l\u2019enqu\u00eate men\u00e9e par le Comit\u00e9 National Contre le Tabagisme (CNCT) sur les strat\u00e9gies marketing des cigarettiers. En France, le tabac menthol\u00e9 repr\u00e9sente 8 % des ventes.<\/p>\n<p>Selon le pr\u00e9sident du comit\u00e9, les cigarettiers ont fait expr\u00e8s de cacher les effets pervers du menthol. Ils sont m\u00eame all\u00e9s jusqu\u2019\u00e0 dire que ce type de cigarettes \u00e9tait moins dangereux pour la sant\u00e9, mais aussi moins irritant. Des d\u00e9clarations qui ont eu beaucoup de mal \u00e0 passer aupr\u00e8s des antitabac.<\/p>\n<h2><span class=\"ez-toc-section\" id=\"Le_menthol_bien_plus_nocif_quil_ny_parait\"><\/span>Le menthol, bien plus nocif qu&rsquo;il n&rsquo;y para\u00eet<span class=\"ez-toc-section-end\"><\/span><\/h2>\n<p>Pourquoi la menthe dans les cigarettes ? Cet ar\u00f4me n\u2019a pas \u00e9t\u00e9 choisi au hasard. Il apporte de la fra\u00eecheur permettant d\u2019adoucir les effets du tabac. Cependant, le menthol modifie la perception des capacit\u00e9s respiratoires et favorise l\u2019absorption de la nicotine. Les aspirations sont alors plus profondes et plus longues, entra\u00eenant ainsi une addiction accrue.<\/p>\n<\/div>\n","protected":false},"excerpt":{"rendered":"<p>Si elles sont commercialis\u00e9es depuis les ann\u00e9es 30, depuis le mercredi 20 mai, la vente des cigarettes au menthol dans l\u2019Union europ\u00e9enne est d\u00e9sormais interdite. D\u00e9cid\u00e9 en 2014, il aura fallu 6 ans pour l\u2019appliquer. Cette interdiction vise \u00e0 d\u00e9truire une strat\u00e9gie marketing mise en place par les fabricants de cigarettes. Explications. Un produit marketing hautement dangereux Selon les militants antitabac, les cigarettes menthol\u00e9es \u00e9taient de v\u00e9ritables bombes \u00e0 retardement, notamment aupr\u00e8s des plus jeunes. Le petit go\u00fbt menthol\u00e9 \u00e9tait &hellip; <\/p>\n","protected":false},"author":1,"featured_media":832,"comment_status":"closed","ping_status":"closed","sticky":false,"template":"","format":"standard","meta":{"footnotes":""},"categories":[6],"tags":[],"class_list":["post-830","post","type-post","status-publish","format-standard","has-post-thumbnail","hentry","category-actus-interviews"],"yoast_head":"<!-- This site is optimized with the Yoast SEO plugin v27.5 - https:\/\/yoast.com\/product\/yoast-seo-wordpress\/ -->\n<title>Tabac : Entr\u00e9e en vigueur de l\u2019interdiction des cigarettes menthol\u00e9es<\/title>\n<meta name=\"description\" content=\"La vente des cigarettes au menthol dans l\u2019Union europ\u00e9enne est d\u00e9sormais interdite. La loi d\u00e9cid\u00e9e en 2014 est entr\u00e9e en vigueur \u00e0 la fin de ce mois de mai 2020.\" \/>\n<meta name=\"robots\" content=\"index, follow, max-snippet:-1, max-image-preview:large, max-video-preview:-1\" \/>\n<link rel=\"canonical\" href=\"https:\/\/blog.smoking.fr\/lunion-europeenne-dit-adieu-aux-cigarettes-au-menthol\/\" \/>\n<meta property=\"og:locale\" content=\"fr_FR\" \/>\n<meta property=\"og:type\" content=\"article\" \/>\n<meta property=\"og:title\" content=\"Tabac : Entr\u00e9e en vigueur de l\u2019interdiction des cigarettes menthol\u00e9es\" \/>\n<meta property=\"og:description\" content=\"La vente des cigarettes au menthol dans l\u2019Union europ\u00e9enne est d\u00e9sormais interdite. La loi d\u00e9cid\u00e9e en 2014 est entr\u00e9e en vigueur \u00e0 la fin de ce mois de mai 2020.\" \/>\n<meta property=\"og:url\" content=\"https:\/\/blog.smoking.fr\/lunion-europeenne-dit-adieu-aux-cigarettes-au-menthol\/\" \/>\n<meta property=\"og:site_name\" content=\"Blog smoking.fr\" \/>\n<meta property=\"article:published_time\" content=\"2020-06-03T08:34:29+00:00\" \/>\n<meta property=\"article:modified_time\" content=\"2021-03-25T09:38:56+00:00\" \/>\n<meta property=\"og:image\" content=\"https:\/\/cdn.blog.smoking.fr\/wp-content\/uploads\/2021\/03\/menthol.jpg\" \/>\n\t<meta property=\"og:image:width\" content=\"1280\" \/>\n\t<meta property=\"og:image:height\" content=\"960\" \/>\n\t<meta property=\"og:image:type\" content=\"image\/jpeg\" \/>\n<meta name=\"author\" content=\"smoking\" \/>\n<meta name=\"twitter:card\" content=\"summary_large_image\" \/>\n<meta name=\"twitter:label1\" content=\"\u00c9crit par\" \/>\n\t<meta name=\"twitter:data1\" content=\"smoking\" \/>\n\t<meta name=\"twitter:label2\" content=\"Dur\u00e9e de lecture estim\u00e9e\" \/>\n\t<meta name=\"twitter:data2\" content=\"2 minutes\" \/>\n<script type=\"application\/ld+json\" class=\"yoast-schema-graph\">{\"@context\":\"https:\\\/\\\/schema.org\",\"@graph\":[{\"@type\":\"Article\",\"@id\":\"https:\\\/\\\/blog.smoking.fr\\\/lunion-europeenne-dit-adieu-aux-cigarettes-au-menthol\\\/#article\",\"isPartOf\":{\"@id\":\"https:\\\/\\\/blog.smoking.fr\\\/lunion-europeenne-dit-adieu-aux-cigarettes-au-menthol\\\/\"},\"author\":{\"name\":\"smoking\",\"@id\":\"https:\\\/\\\/blog.smoking.fr\\\/#\\\/schema\\\/person\\\/66f05f6c494f2aa18471a27e3851e747\"},\"headline\":\"L\u2019Union europ\u00e9enne dit adieu aux cigarettes au menthol\",\"datePublished\":\"2020-06-03T08:34:29+00:00\",\"dateModified\":\"2021-03-25T09:38:56+00:00\",\"mainEntityOfPage\":{\"@id\":\"https:\\\/\\\/blog.smoking.fr\\\/lunion-europeenne-dit-adieu-aux-cigarettes-au-menthol\\\/\"},\"wordCount\":411,\"publisher\":{\"@id\":\"https:\\\/\\\/blog.smoking.fr\\\/#organization\"},\"image\":{\"@id\":\"https:\\\/\\\/blog.smoking.fr\\\/lunion-europeenne-dit-adieu-aux-cigarettes-au-menthol\\\/#primaryimage\"},\"thumbnailUrl\":\"https:\\\/\\\/blog.smoking.fr\\\/wp-content\\\/uploads\\\/2021\\\/03\\\/menthol.jpg\",\"articleSection\":[\"Actus &amp; Interviews\"],\"inLanguage\":\"fr-FR\"},{\"@type\":\"WebPage\",\"@id\":\"https:\\\/\\\/blog.smoking.fr\\\/lunion-europeenne-dit-adieu-aux-cigarettes-au-menthol\\\/\",\"url\":\"https:\\\/\\\/blog.smoking.fr\\\/lunion-europeenne-dit-adieu-aux-cigarettes-au-menthol\\\/\",\"name\":\"Tabac : Entr\u00e9e en vigueur de l\u2019interdiction des cigarettes menthol\u00e9es\",\"isPartOf\":{\"@id\":\"https:\\\/\\\/blog.smoking.fr\\\/#website\"},\"primaryImageOfPage\":{\"@id\":\"https:\\\/\\\/blog.smoking.fr\\\/lunion-europeenne-dit-adieu-aux-cigarettes-au-menthol\\\/#primaryimage\"},\"image\":{\"@id\":\"https:\\\/\\\/blog.smoking.fr\\\/lunion-europeenne-dit-adieu-aux-cigarettes-au-menthol\\\/#primaryimage\"},\"thumbnailUrl\":\"https:\\\/\\\/blog.smoking.fr\\\/wp-content\\\/uploads\\\/2021\\\/03\\\/menthol.jpg\",\"datePublished\":\"2020-06-03T08:34:29+00:00\",\"dateModified\":\"2021-03-25T09:38:56+00:00\",\"description\":\"La vente des cigarettes au menthol dans l\u2019Union europ\u00e9enne est d\u00e9sormais interdite. La loi d\u00e9cid\u00e9e en 2014 est entr\u00e9e en vigueur \u00e0 la fin de ce mois de mai 2020.\",\"breadcrumb\":{\"@id\":\"https:\\\/\\\/blog.smoking.fr\\\/lunion-europeenne-dit-adieu-aux-cigarettes-au-menthol\\\/#breadcrumb\"},\"inLanguage\":\"fr-FR\",\"potentialAction\":[{\"@type\":\"ReadAction\",\"target\":[\"https:\\\/\\\/blog.smoking.fr\\\/lunion-europeenne-dit-adieu-aux-cigarettes-au-menthol\\\/\"]}]},{\"@type\":\"ImageObject\",\"inLanguage\":\"fr-FR\",\"@id\":\"https:\\\/\\\/blog.smoking.fr\\\/lunion-europeenne-dit-adieu-aux-cigarettes-au-menthol\\\/#primaryimage\",\"url\":\"https:\\\/\\\/blog.smoking.fr\\\/wp-content\\\/uploads\\\/2021\\\/03\\\/menthol.jpg\",\"contentUrl\":\"https:\\\/\\\/blog.smoking.fr\\\/wp-content\\\/uploads\\\/2021\\\/03\\\/menthol.jpg\",\"width\":1280,\"height\":960},{\"@type\":\"BreadcrumbList\",\"@id\":\"https:\\\/\\\/blog.smoking.fr\\\/lunion-europeenne-dit-adieu-aux-cigarettes-au-menthol\\\/#breadcrumb\",\"itemListElement\":[{\"@type\":\"ListItem\",\"position\":1,\"name\":\"Home\",\"item\":\"https:\\\/\\\/blog.smoking.fr\\\/\"},{\"@type\":\"ListItem\",\"position\":2,\"name\":\"L\u2019Union europ\u00e9enne dit adieu aux cigarettes au menthol\"}]},{\"@type\":\"WebSite\",\"@id\":\"https:\\\/\\\/blog.smoking.fr\\\/#website\",\"url\":\"https:\\\/\\\/blog.smoking.fr\\\/\",\"name\":\"Blog smoking.fr\",\"description\":\"Blog smoking.fr\",\"publisher\":{\"@id\":\"https:\\\/\\\/blog.smoking.fr\\\/#organization\"},\"potentialAction\":[{\"@type\":\"SearchAction\",\"target\":{\"@type\":\"EntryPoint\",\"urlTemplate\":\"https:\\\/\\\/blog.smoking.fr\\\/?s={search_term_string}\"},\"query-input\":{\"@type\":\"PropertyValueSpecification\",\"valueRequired\":true,\"valueName\":\"search_term_string\"}}],\"inLanguage\":\"fr-FR\"},{\"@type\":\"Organization\",\"@id\":\"https:\\\/\\\/blog.smoking.fr\\\/#organization\",\"name\":\"Blog Smoking.fr\",\"url\":\"https:\\\/\\\/blog.smoking.fr\\\/\",\"logo\":{\"@type\":\"ImageObject\",\"inLanguage\":\"fr-FR\",\"@id\":\"https:\\\/\\\/blog.smoking.fr\\\/#\\\/schema\\\/logo\\\/image\\\/\",\"url\":\"https:\\\/\\\/blog.smoking.fr\\\/wp-content\\\/uploads\\\/2021\\\/03\\\/cropped-Logo_Le-Blog-1.png\",\"contentUrl\":\"https:\\\/\\\/blog.smoking.fr\\\/wp-content\\\/uploads\\\/2021\\\/03\\\/cropped-Logo_Le-Blog-1.png\",\"width\":149,\"height\":70,\"caption\":\"Blog Smoking.fr\"},\"image\":{\"@id\":\"https:\\\/\\\/blog.smoking.fr\\\/#\\\/schema\\\/logo\\\/image\\\/\"}},{\"@type\":\"Person\",\"@id\":\"https:\\\/\\\/blog.smoking.fr\\\/#\\\/schema\\\/person\\\/66f05f6c494f2aa18471a27e3851e747\",\"name\":\"smoking\",\"image\":{\"@type\":\"ImageObject\",\"inLanguage\":\"fr-FR\",\"@id\":\"https:\\\/\\\/secure.gravatar.com\\\/avatar\\\/68ca6f1d7f2bc912ac04391fee35b378fad8d6526444f2a576a3593c5b1ddb26?s=96&d=mm&r=g\",\"url\":\"https:\\\/\\\/secure.gravatar.com\\\/avatar\\\/68ca6f1d7f2bc912ac04391fee35b378fad8d6526444f2a576a3593c5b1ddb26?s=96&d=mm&r=g\",\"contentUrl\":\"https:\\\/\\\/secure.gravatar.com\\\/avatar\\\/68ca6f1d7f2bc912ac04391fee35b378fad8d6526444f2a576a3593c5b1ddb26?s=96&d=mm&r=g\",\"caption\":\"smoking\"},\"sameAs\":[\"https:\\\/\\\/blog.smoking.fr\"]}]}<\/script>\n<!-- \/ Yoast SEO plugin. -->","yoast_head_json":{"title":"Tabac : Entr\u00e9e en vigueur de l\u2019interdiction des cigarettes menthol\u00e9es","description":"La vente des cigarettes au menthol dans l\u2019Union europ\u00e9enne est d\u00e9sormais interdite. La loi d\u00e9cid\u00e9e en 2014 est entr\u00e9e en vigueur \u00e0 la fin de ce mois de mai 2020.","robots":{"index":"index","follow":"follow","max-snippet":"max-snippet:-1","max-image-preview":"max-image-preview:large","max-video-preview":"max-video-preview:-1"},"canonical":"https:\/\/blog.smoking.fr\/lunion-europeenne-dit-adieu-aux-cigarettes-au-menthol\/","og_locale":"fr_FR","og_type":"article","og_title":"Tabac : Entr\u00e9e en vigueur de l\u2019interdiction des cigarettes menthol\u00e9es","og_description":"La vente des cigarettes au menthol dans l\u2019Union europ\u00e9enne est d\u00e9sormais interdite. La loi d\u00e9cid\u00e9e en 2014 est entr\u00e9e en vigueur \u00e0 la fin de ce mois de mai 2020.","og_url":"https:\/\/blog.smoking.fr\/lunion-europeenne-dit-adieu-aux-cigarettes-au-menthol\/","og_site_name":"Blog smoking.fr","article_published_time":"2020-06-03T08:34:29+00:00","article_modified_time":"2021-03-25T09:38:56+00:00","og_image":[{"width":1280,"height":960,"url":"https:\/\/cdn.blog.smoking.fr\/wp-content\/uploads\/2021\/03\/menthol.jpg","type":"image\/jpeg"}],"author":"smoking","twitter_card":"summary_large_image","twitter_misc":{"\u00c9crit par":"smoking","Dur\u00e9e de lecture estim\u00e9e":"2 minutes"},"schema":{"@context":"https:\/\/schema.org","@graph":[{"@type":"Article","@id":"https:\/\/blog.smoking.fr\/lunion-europeenne-dit-adieu-aux-cigarettes-au-menthol\/#article","isPartOf":{"@id":"https:\/\/blog.smoking.fr\/lunion-europeenne-dit-adieu-aux-cigarettes-au-menthol\/"},"author":{"name":"smoking","@id":"https:\/\/blog.smoking.fr\/#\/schema\/person\/66f05f6c494f2aa18471a27e3851e747"},"headline":"L\u2019Union europ\u00e9enne dit adieu aux cigarettes au menthol","datePublished":"2020-06-03T08:34:29+00:00","dateModified":"2021-03-25T09:38:56+00:00","mainEntityOfPage":{"@id":"https:\/\/blog.smoking.fr\/lunion-europeenne-dit-adieu-aux-cigarettes-au-menthol\/"},"wordCount":411,"publisher":{"@id":"https:\/\/blog.smoking.fr\/#organization"},"image":{"@id":"https:\/\/blog.smoking.fr\/lunion-europeenne-dit-adieu-aux-cigarettes-au-menthol\/#primaryimage"},"thumbnailUrl":"https:\/\/cdn.blog.smoking.fr\/wp-content\/uploads\/2021\/03\/menthol.jpg","articleSection":["Actus &amp; Interviews"],"inLanguage":"fr-FR"},{"@type":"WebPage","@id":"https:\/\/blog.smoking.fr\/lunion-europeenne-dit-adieu-aux-cigarettes-au-menthol\/","url":"https:\/\/blog.smoking.fr\/lunion-europeenne-dit-adieu-aux-cigarettes-au-menthol\/","name":"Tabac : Entr\u00e9e en vigueur de l\u2019interdiction des cigarettes menthol\u00e9es","isPartOf":{"@id":"https:\/\/blog.smoking.fr\/#website"},"primaryImageOfPage":{"@id":"https:\/\/blog.smoking.fr\/lunion-europeenne-dit-adieu-aux-cigarettes-au-menthol\/#primaryimage"},"image":{"@id":"https:\/\/blog.smoking.fr\/lunion-europeenne-dit-adieu-aux-cigarettes-au-menthol\/#primaryimage"},"thumbnailUrl":"https:\/\/cdn.blog.smoking.fr\/wp-content\/uploads\/2021\/03\/menthol.jpg","datePublished":"2020-06-03T08:34:29+00:00","dateModified":"2021-03-25T09:38:56+00:00","description":"La vente des cigarettes au menthol dans l\u2019Union europ\u00e9enne est d\u00e9sormais interdite. La loi d\u00e9cid\u00e9e en 2014 est entr\u00e9e en vigueur \u00e0 la fin de ce mois de mai 2020.","breadcrumb":{"@id":"https:\/\/blog.smoking.fr\/lunion-europeenne-dit-adieu-aux-cigarettes-au-menthol\/#breadcrumb"},"inLanguage":"fr-FR","potentialAction":[{"@type":"ReadAction","target":["https:\/\/blog.smoking.fr\/lunion-europeenne-dit-adieu-aux-cigarettes-au-menthol\/"]}]},{"@type":"ImageObject","inLanguage":"fr-FR","@id":"https:\/\/blog.smoking.fr\/lunion-europeenne-dit-adieu-aux-cigarettes-au-menthol\/#primaryimage","url":"https:\/\/cdn.blog.smoking.fr\/wp-content\/uploads\/2021\/03\/menthol.jpg","contentUrl":"https:\/\/cdn.blog.smoking.fr\/wp-content\/uploads\/2021\/03\/menthol.jpg","width":1280,"height":960},{"@type":"BreadcrumbList","@id":"https:\/\/blog.smoking.fr\/lunion-europeenne-dit-adieu-aux-cigarettes-au-menthol\/#breadcrumb","itemListElement":[{"@type":"ListItem","position":1,"name":"Home","item":"https:\/\/blog.smoking.fr\/"},{"@type":"ListItem","position":2,"name":"L\u2019Union europ\u00e9enne dit adieu aux cigarettes au menthol"}]},{"@type":"WebSite","@id":"https:\/\/blog.smoking.fr\/#website","url":"https:\/\/blog.smoking.fr\/","name":"Blog smoking.fr","description":"Blog smoking.fr","publisher":{"@id":"https:\/\/blog.smoking.fr\/#organization"},"potentialAction":[{"@type":"SearchAction","target":{"@type":"EntryPoint","urlTemplate":"https:\/\/blog.smoking.fr\/?s={search_term_string}"},"query-input":{"@type":"PropertyValueSpecification","valueRequired":true,"valueName":"search_term_string"}}],"inLanguage":"fr-FR"},{"@type":"Organization","@id":"https:\/\/blog.smoking.fr\/#organization","name":"Blog Smoking.fr","url":"https:\/\/blog.smoking.fr\/","logo":{"@type":"ImageObject","inLanguage":"fr-FR","@id":"https:\/\/blog.smoking.fr\/#\/schema\/logo\/image\/","url":"https:\/\/cdn.blog.smoking.fr\/wp-content\/uploads\/2021\/03\/cropped-Logo_Le-Blog-1.png","contentUrl":"https:\/\/cdn.blog.smoking.fr\/wp-content\/uploads\/2021\/03\/cropped-Logo_Le-Blog-1.png","width":149,"height":70,"caption":"Blog Smoking.fr"},"image":{"@id":"https:\/\/blog.smoking.fr\/#\/schema\/logo\/image\/"}},{"@type":"Person","@id":"https:\/\/blog.smoking.fr\/#\/schema\/person\/66f05f6c494f2aa18471a27e3851e747","name":"smoking","image":{"@type":"ImageObject","inLanguage":"fr-FR","@id":"https:\/\/secure.gravatar.com\/avatar\/68ca6f1d7f2bc912ac04391fee35b378fad8d6526444f2a576a3593c5b1ddb26?s=96&d=mm&r=g","url":"https:\/\/secure.gravatar.com\/avatar\/68ca6f1d7f2bc912ac04391fee35b378fad8d6526444f2a576a3593c5b1ddb26?s=96&d=mm&r=g","contentUrl":"https:\/\/secure.gravatar.com\/avatar\/68ca6f1d7f2bc912ac04391fee35b378fad8d6526444f2a576a3593c5b1ddb26?s=96&d=mm&r=g","caption":"smoking"},"sameAs":["https:\/\/blog.smoking.fr"]}]}},"_links":{"self":[{"href":"https:\/\/blog.smoking.fr\/wp-json\/wp\/v2\/posts\/830","targetHints":{"allow":["GET"]}}],"collection":[{"href":"https:\/\/blog.smoking.fr\/wp-json\/wp\/v2\/posts"}],"about":[{"href":"https:\/\/blog.smoking.fr\/wp-json\/wp\/v2\/types\/post"}],"author":[{"embeddable":true,"href":"https:\/\/blog.smoking.fr\/wp-json\/wp\/v2\/users\/1"}],"replies":[{"embeddable":true,"href":"https:\/\/blog.smoking.fr\/wp-json\/wp\/v2\/comments?post=830"}],"version-history":[{"count":1,"href":"https:\/\/blog.smoking.fr\/wp-json\/wp\/v2\/posts\/830\/revisions"}],"predecessor-version":[{"id":835,"href":"https:\/\/blog.smoking.fr\/wp-json\/wp\/v2\/posts\/830\/revisions\/835"}],"wp:featuredmedia":[{"embeddable":true,"href":"https:\/\/blog.smoking.fr\/wp-json\/wp\/v2\/media\/832"}],"wp:attachment":[{"href":"https:\/\/blog.smoking.fr\/wp-json\/wp\/v2\/media?parent=830"}],"wp:term":[{"taxonomy":"category","embeddable":true,"href":"https:\/\/blog.smoking.fr\/wp-json\/wp\/v2\/categories?post=830"},{"taxonomy":"post_tag","embeddable":true,"href":"https:\/\/blog.smoking.fr\/wp-json\/wp\/v2\/tags?post=830"}],"curies":[{"name":"wp","href":"https:\/\/api.w.org\/{rel}","templated":true}]}}