{"id":798,"date":"2011-05-30T10:03:05","date_gmt":"2011-05-30T08:03:05","guid":{"rendered":"https:\/\/blog.smoking.fr\/?p=798"},"modified":"2025-05-16T16:00:03","modified_gmt":"2025-05-16T14:00:03","slug":"le-tabac","status":"publish","type":"post","link":"https:\/\/blog.smoking.fr\/le-tabac\/","title":{"rendered":"Le tabac"},"content":{"rendered":"<div id=\"ez-toc-container\" class=\"ez-toc-v2_0_82_2 counter-hierarchy ez-toc-counter ez-toc-grey ez-toc-container-direction\">\n<div class=\"ez-toc-title-container\"><p class=\"ez-toc-title\" style=\"cursor:inherit\">Contenus de la page :<\/p>\n<\/div><nav><ul class='ez-toc-list ez-toc-list-level-1 ' ><li class='ez-toc-page-1 ez-toc-heading-level-2'><a class=\"ez-toc-link ez-toc-heading-1\" href=\"https:\/\/blog.smoking.fr\/le-tabac\/#Les_debuts_du_tabac\" >Les d\u00e9buts du tabac<\/a><ul class='ez-toc-list-level-3' ><li class='ez-toc-heading-level-3'><a class=\"ez-toc-link ez-toc-heading-2\" href=\"https:\/\/blog.smoking.fr\/le-tabac\/#Les_indiens_dAmerique_avaient_differentes_facon_de_fumer_leur_tabac\" >Les indiens d&rsquo;Am\u00e9rique avaient diff\u00e9rentes fa\u00e7on de fumer leur tabac :<\/a><\/li><li class='ez-toc-page-1 ez-toc-heading-level-3'><a class=\"ez-toc-link ez-toc-heading-3\" href=\"https:\/\/blog.smoking.fr\/le-tabac\/#La_naissance_du_mythe_cubain_et_la_diffusion_du_tabac_a_lEurope\" >La naissance du mythe cubain et la diffusion du tabac \u00e0 l&rsquo;Europe<\/a><\/li><li class='ez-toc-page-1 ez-toc-heading-level-3'><a class=\"ez-toc-link ez-toc-heading-4\" href=\"https:\/\/blog.smoking.fr\/le-tabac\/#Le_debut_des_cigarettes\" >Le d\u00e9but des cigarettes<\/a><\/li><li class='ez-toc-page-1 ez-toc-heading-level-3'><a class=\"ez-toc-link ez-toc-heading-5\" href=\"https:\/\/blog.smoking.fr\/le-tabac\/#Et_lEtat_dans_tout_ca\" >Et l&rsquo;\u00c9tat dans tout \u00e7a ?<\/a><\/li><\/ul><\/li><\/ul><\/nav><\/div>\n<h2><span class=\"ez-toc-section\" id=\"Les_debuts_du_tabac\"><\/span>Les d\u00e9buts du tabac<span class=\"ez-toc-section-end\"><\/span><\/h2>\n<p>Durant l\u2019Antiquit\u00e9, on sait que les civilisations europ\u00e9ennes, qui ne connaissait pas encore\u00a0<b>le tabac<\/b>, utilisaient d\u00e9j\u00e0 des instruments comme la pipe pour fumer des herbes.\u00a0<span id=\"more-1020\"><\/span>Certaines herbes \u00e9taient vou\u00e9es \u00e0 la m\u00e9decine (d\u00e9sinfection, calmant\u2026), d&rsquo;autres au culte religieux (encens, fum\u00e9es).<\/p>\n<p>Les Indiens d&rsquo;Am\u00e9rique, quant \u00e0 eux, utilisaient\u00a0<b>le tabac<\/b>\u00a0comme une plante m\u00e9dicinale, mais surtout comme une plante divine qui permettait la communication avec les dieux lors de rituels.<\/p>\n<h3><span class=\"ez-toc-section\" id=\"Les_indiens_dAmerique_avaient_differentes_facon_de_fumer_leur_tabac\"><\/span>Les indiens d&rsquo;Am\u00e9rique avaient diff\u00e9rentes fa\u00e7on de fumer leur tabac :<span class=\"ez-toc-section-end\"><\/span><\/h3>\n<ul>\n<li>Aspirer la fumer de la plante brul\u00e9e \u00e0 l&rsquo;aide de charbon,<\/li>\n<li>Cr\u00e9er des \u00ab\u00a0cigares\u00a0\u00bb : b\u00e2tons creux emplis de feuilles hach\u00e9es finement,<\/li>\n<li>Des calumets, sorte de longue pipe,<\/li>\n<li>Une poudre de tabac \u00e0 chiquer ou respirer,<\/li>\n<li>Les feuilles \u00e0 chiquer<\/li>\n<\/ul>\n<h3><span class=\"ez-toc-section\" id=\"La_naissance_du_mythe_cubain_et_la_diffusion_du_tabac_a_lEurope\"><\/span>La naissance du mythe cubain et la diffusion du tabac \u00e0 l&rsquo;Europe<span class=\"ez-toc-section-end\"><\/span><\/h3>\n<p>C&rsquo;est en 1493, que le missionnaire espagnol Fray Romano Pane envoie du tabac \u00e0 Charles Quint. L\u2019Espagne choisit alors Cuba pour y faire pousser son tabac. Plus tard, quand le bateau accoste sur les c\u00f4tes portugaises, l&rsquo;\u00e9quipage qui a pris l&rsquo;habitude de fumer du tabac, va t\u00e9moigner de ses effets \u00e0 l&rsquo;Europe toute enti\u00e8re.<\/p>\n<p>D\u00e8s 1520, les premi\u00e8res graines de tabac arrivent en Europe, et d\u00e8s lors commence leur exploitation pour l&rsquo;utiliser comme une plante m\u00e9dicinale.<\/p>\n<p>Jean Nicot (la nicotine a \u00e9t\u00e9 nomm\u00e9 ainsi en m\u00e9moire de cet homme) \u00e9tait \u00e0 cette \u00e9poque ambassadeur de France, c&rsquo;est lui qui, en envoyant des feuilles de tabac \u00e0 Catherine de M\u00e9dicis, reine de France, va permettre la diffusion du tabac en France. En effet,\u00a0<b>le tabac<\/b>\u00a0\u00e9tant \u00e0 l&rsquo;\u00e9poque prescrit comme une plante qui soigne les maux de t\u00eates, la reine donne l\u2019ordre d\u2019en cultiver.\u00a0<b>Le tabac<\/b>\u00a0se fait alors renomm\u00e9 \u00ab l\u2019herbe \u00e0 la Reine \u00bb ou \u00ab la Catherinaire \u00bb.<\/p>\n<p>Toute la Cour du roi va alors adopter cette mode et\u00a0<b>le tabac<\/b>\u00a0va rapidement devenir tr\u00e8s populaire.\u00a0<b>Le tabac<\/b>\u00a0se d\u00e9veloppe au m\u00eame moment en Italie, en Allemagne, en Angleterre, en Turquie, au Maroc, au Japon, en Chine, et ainsi, au d\u00e9but du XVII<sup>\u00e8me<\/sup>\u00a0si\u00e8cle,\u00a0<b>le tabac<\/b>\u00a0est reconnu dans le monde entier.<\/p>\n<h3><span class=\"ez-toc-section\" id=\"Le_debut_des_cigarettes\"><\/span><span id=\"Le_debut_des_cigarettes\" class=\"ez-toc-section\"><\/span>Le d\u00e9but des cigarettes<span class=\"ez-toc-section-end\"><\/span><\/h3>\n<p>C&rsquo;est d\u00e8s le XVIIe si\u00e8cle, que l&rsquo;on commence \u00e0 rouler les cigares en Europe, on enroule alors les feuilles hach\u00e9es et s\u00e9ch\u00e9es dans du papier. En 1830, les cigarettes industrielles font leur apparition, et vont concurrencer la chique. Et c&rsquo;est avec la seconde guerre mondiale que la consommation de cigarettes va battre son plein, en devenant accessible \u00e0 tous : femmes, hommes, jeunes et personnes \u00e2g\u00e9es.<\/p>\n<h3><span class=\"ez-toc-section\" id=\"Et_lEtat_dans_tout_ca\"><\/span>Et l&rsquo;\u00c9tat dans tout \u00e7a ?<span class=\"ez-toc-section-end\"><\/span><\/h3>\n<p>En 1629 Richelieu cr\u00e9e le premier imp\u00f4t sur\u00a0<b>le tabac<\/b>. Colbert, responsable des finances sous Louis XIV, va quant \u00e0 lui cr\u00e9er le monopole d\u2019\u00c9tat de la vente du tabac, puis le Monopole de la fabrication du tabac en 1681. Ce n\u2019est qu\u2019en 2000 que l\u2019\u00c9tat fran\u00e7ais s\u2019est d\u00e9sengag\u00e9 de la Seita (Soci\u00e9t\u00e9 d&rsquo;Exploitation Industrielle des Tabacs et des Allumettes), qui d\u00e9tenait alors ce monopole. Aujourd&rsquo;hui l&rsquo;Etat touche environ 10 milliards d&rsquo;Euro via la taxe sur\u00a0<b>le tabac<\/b>, et en d\u00e9pense autant dans les d\u00e9penses li\u00e9es \u00e0 son co\u00fbt social (maladies, arr\u00eat de travail, campagnes de pr\u00e9vention,&#8230;).<\/p>\n<p>L&rsquo;histoire du tabac ne s\u2019arr\u00eate pas la ; elle ne cesse d\u2019\u00e9voluer ne serait-ce que par l&rsquo;invention de la\u00a0<a href=\"https:\/\/www.smoking.fr\/cigarette-electronique-c-139.html\">cigarette \u00e9lectronique\u00a0<\/a>ou plus proche du tabac, la<a href=\"https:\/\/www.smoking.fr\/machines-rouler-tuber-tubeuse-c-1_44_262.html\">\u00a0machine a tuber<\/a>\u00a0les cigarettes.<\/p>\n","protected":false},"excerpt":{"rendered":"<p>Les d\u00e9buts du tabac Durant l\u2019Antiquit\u00e9, on sait que les civilisations europ\u00e9ennes, qui ne connaissait pas encore\u00a0le tabac, utilisaient d\u00e9j\u00e0 des instruments comme la pipe pour fumer des herbes.\u00a0Certaines herbes \u00e9taient vou\u00e9es \u00e0 la m\u00e9decine (d\u00e9sinfection, calmant\u2026), d&rsquo;autres au culte religieux (encens, fum\u00e9es). Les Indiens d&rsquo;Am\u00e9rique, quant \u00e0 eux, utilisaient\u00a0le tabac\u00a0comme une plante m\u00e9dicinale, mais surtout comme une plante divine qui permettait la communication avec les dieux lors de rituels. Les indiens d&rsquo;Am\u00e9rique avaient diff\u00e9rentes fa\u00e7on de fumer leur tabac &hellip; <\/p>\n","protected":false},"author":1,"featured_media":799,"comment_status":"closed","ping_status":"closed","sticky":false,"template":"","format":"standard","meta":{"footnotes":""},"categories":[8],"tags":[],"class_list":["post-798","post","type-post","status-publish","format-standard","has-post-thumbnail","hentry","category-autre"],"yoast_head":"<!-- This site is optimized with the Yoast SEO plugin v27.5 - https:\/\/yoast.com\/product\/yoast-seo-wordpress\/ -->\n<title>Le tabac - Blog smoking.fr<\/title>\n<meta name=\"description\" content=\"Cet article retrace l&#039;histoire et les dates marquantes li\u00e9s au tabac. Cette plante connue de tous est marqu\u00e9e par quelques annecdotes...\" \/>\n<meta name=\"robots\" content=\"index, follow, max-snippet:-1, max-image-preview:large, max-video-preview:-1\" \/>\n<link rel=\"canonical\" href=\"https:\/\/blog.smoking.fr\/le-tabac\/\" \/>\n<meta property=\"og:locale\" content=\"fr_FR\" \/>\n<meta property=\"og:type\" content=\"article\" \/>\n<meta property=\"og:title\" content=\"Le tabac - Blog smoking.fr\" \/>\n<meta property=\"og:description\" content=\"Cet article retrace l&#039;histoire et les dates marquantes li\u00e9s au tabac. Cette plante connue de tous est marqu\u00e9e par quelques annecdotes...\" \/>\n<meta property=\"og:url\" content=\"https:\/\/blog.smoking.fr\/le-tabac\/\" \/>\n<meta property=\"og:site_name\" content=\"Blog smoking.fr\" \/>\n<meta property=\"article:published_time\" content=\"2011-05-30T08:03:05+00:00\" \/>\n<meta property=\"article:modified_time\" content=\"2025-05-16T14:00:03+00:00\" \/>\n<meta property=\"og:image\" content=\"https:\/\/cdn.blog.smoking.fr\/wp-content\/uploads\/2021\/03\/le-tabac.jpg\" \/>\n\t<meta property=\"og:image:width\" content=\"1280\" \/>\n\t<meta property=\"og:image:height\" content=\"847\" \/>\n\t<meta property=\"og:image:type\" content=\"image\/jpeg\" \/>\n<meta name=\"author\" content=\"smoking\" \/>\n<meta name=\"twitter:card\" content=\"summary_large_image\" \/>\n<meta name=\"twitter:label1\" content=\"\u00c9crit par\" \/>\n\t<meta name=\"twitter:data1\" content=\"smoking\" \/>\n\t<meta name=\"twitter:label2\" content=\"Dur\u00e9e de lecture estim\u00e9e\" \/>\n\t<meta name=\"twitter:data2\" content=\"3 minutes\" \/>\n<script type=\"application\/ld+json\" class=\"yoast-schema-graph\">{\"@context\":\"https:\\\/\\\/schema.org\",\"@graph\":[{\"@type\":\"Article\",\"@id\":\"https:\\\/\\\/blog.smoking.fr\\\/le-tabac\\\/#article\",\"isPartOf\":{\"@id\":\"https:\\\/\\\/blog.smoking.fr\\\/le-tabac\\\/\"},\"author\":{\"name\":\"smoking\",\"@id\":\"https:\\\/\\\/blog.smoking.fr\\\/#\\\/schema\\\/person\\\/66f05f6c494f2aa18471a27e3851e747\"},\"headline\":\"Le tabac\",\"datePublished\":\"2011-05-30T08:03:05+00:00\",\"dateModified\":\"2025-05-16T14:00:03+00:00\",\"mainEntityOfPage\":{\"@id\":\"https:\\\/\\\/blog.smoking.fr\\\/le-tabac\\\/\"},\"wordCount\":613,\"publisher\":{\"@id\":\"https:\\\/\\\/blog.smoking.fr\\\/#organization\"},\"image\":{\"@id\":\"https:\\\/\\\/blog.smoking.fr\\\/le-tabac\\\/#primaryimage\"},\"thumbnailUrl\":\"https:\\\/\\\/blog.smoking.fr\\\/wp-content\\\/uploads\\\/2021\\\/03\\\/le-tabac.jpg\",\"articleSection\":[\"Autre\"],\"inLanguage\":\"fr-FR\"},{\"@type\":\"WebPage\",\"@id\":\"https:\\\/\\\/blog.smoking.fr\\\/le-tabac\\\/\",\"url\":\"https:\\\/\\\/blog.smoking.fr\\\/le-tabac\\\/\",\"name\":\"Le tabac - Blog smoking.fr\",\"isPartOf\":{\"@id\":\"https:\\\/\\\/blog.smoking.fr\\\/#website\"},\"primaryImageOfPage\":{\"@id\":\"https:\\\/\\\/blog.smoking.fr\\\/le-tabac\\\/#primaryimage\"},\"image\":{\"@id\":\"https:\\\/\\\/blog.smoking.fr\\\/le-tabac\\\/#primaryimage\"},\"thumbnailUrl\":\"https:\\\/\\\/blog.smoking.fr\\\/wp-content\\\/uploads\\\/2021\\\/03\\\/le-tabac.jpg\",\"datePublished\":\"2011-05-30T08:03:05+00:00\",\"dateModified\":\"2025-05-16T14:00:03+00:00\",\"description\":\"Cet article retrace l'histoire et les dates marquantes li\u00e9s au tabac. Cette plante connue de tous est marqu\u00e9e par quelques annecdotes...\",\"breadcrumb\":{\"@id\":\"https:\\\/\\\/blog.smoking.fr\\\/le-tabac\\\/#breadcrumb\"},\"inLanguage\":\"fr-FR\",\"potentialAction\":[{\"@type\":\"ReadAction\",\"target\":[\"https:\\\/\\\/blog.smoking.fr\\\/le-tabac\\\/\"]}]},{\"@type\":\"ImageObject\",\"inLanguage\":\"fr-FR\",\"@id\":\"https:\\\/\\\/blog.smoking.fr\\\/le-tabac\\\/#primaryimage\",\"url\":\"https:\\\/\\\/blog.smoking.fr\\\/wp-content\\\/uploads\\\/2021\\\/03\\\/le-tabac.jpg\",\"contentUrl\":\"https:\\\/\\\/blog.smoking.fr\\\/wp-content\\\/uploads\\\/2021\\\/03\\\/le-tabac.jpg\",\"width\":1280,\"height\":847},{\"@type\":\"BreadcrumbList\",\"@id\":\"https:\\\/\\\/blog.smoking.fr\\\/le-tabac\\\/#breadcrumb\",\"itemListElement\":[{\"@type\":\"ListItem\",\"position\":1,\"name\":\"Home\",\"item\":\"https:\\\/\\\/blog.smoking.fr\\\/\"},{\"@type\":\"ListItem\",\"position\":2,\"name\":\"Le tabac\"}]},{\"@type\":\"WebSite\",\"@id\":\"https:\\\/\\\/blog.smoking.fr\\\/#website\",\"url\":\"https:\\\/\\\/blog.smoking.fr\\\/\",\"name\":\"Blog smoking.fr\",\"description\":\"Blog smoking.fr\",\"publisher\":{\"@id\":\"https:\\\/\\\/blog.smoking.fr\\\/#organization\"},\"potentialAction\":[{\"@type\":\"SearchAction\",\"target\":{\"@type\":\"EntryPoint\",\"urlTemplate\":\"https:\\\/\\\/blog.smoking.fr\\\/?s={search_term_string}\"},\"query-input\":{\"@type\":\"PropertyValueSpecification\",\"valueRequired\":true,\"valueName\":\"search_term_string\"}}],\"inLanguage\":\"fr-FR\"},{\"@type\":\"Organization\",\"@id\":\"https:\\\/\\\/blog.smoking.fr\\\/#organization\",\"name\":\"Blog Smoking.fr\",\"url\":\"https:\\\/\\\/blog.smoking.fr\\\/\",\"logo\":{\"@type\":\"ImageObject\",\"inLanguage\":\"fr-FR\",\"@id\":\"https:\\\/\\\/blog.smoking.fr\\\/#\\\/schema\\\/logo\\\/image\\\/\",\"url\":\"https:\\\/\\\/blog.smoking.fr\\\/wp-content\\\/uploads\\\/2021\\\/03\\\/cropped-Logo_Le-Blog-1.png\",\"contentUrl\":\"https:\\\/\\\/blog.smoking.fr\\\/wp-content\\\/uploads\\\/2021\\\/03\\\/cropped-Logo_Le-Blog-1.png\",\"width\":149,\"height\":70,\"caption\":\"Blog Smoking.fr\"},\"image\":{\"@id\":\"https:\\\/\\\/blog.smoking.fr\\\/#\\\/schema\\\/logo\\\/image\\\/\"}},{\"@type\":\"Person\",\"@id\":\"https:\\\/\\\/blog.smoking.fr\\\/#\\\/schema\\\/person\\\/66f05f6c494f2aa18471a27e3851e747\",\"name\":\"smoking\",\"image\":{\"@type\":\"ImageObject\",\"inLanguage\":\"fr-FR\",\"@id\":\"https:\\\/\\\/secure.gravatar.com\\\/avatar\\\/68ca6f1d7f2bc912ac04391fee35b378fad8d6526444f2a576a3593c5b1ddb26?s=96&d=mm&r=g\",\"url\":\"https:\\\/\\\/secure.gravatar.com\\\/avatar\\\/68ca6f1d7f2bc912ac04391fee35b378fad8d6526444f2a576a3593c5b1ddb26?s=96&d=mm&r=g\",\"contentUrl\":\"https:\\\/\\\/secure.gravatar.com\\\/avatar\\\/68ca6f1d7f2bc912ac04391fee35b378fad8d6526444f2a576a3593c5b1ddb26?s=96&d=mm&r=g\",\"caption\":\"smoking\"},\"sameAs\":[\"https:\\\/\\\/blog.smoking.fr\"]}]}<\/script>\n<!-- \/ Yoast SEO plugin. -->","yoast_head_json":{"title":"Le tabac - Blog smoking.fr","description":"Cet article retrace l'histoire et les dates marquantes li\u00e9s au tabac. Cette plante connue de tous est marqu\u00e9e par quelques annecdotes...","robots":{"index":"index","follow":"follow","max-snippet":"max-snippet:-1","max-image-preview":"max-image-preview:large","max-video-preview":"max-video-preview:-1"},"canonical":"https:\/\/blog.smoking.fr\/le-tabac\/","og_locale":"fr_FR","og_type":"article","og_title":"Le tabac - Blog smoking.fr","og_description":"Cet article retrace l'histoire et les dates marquantes li\u00e9s au tabac. Cette plante connue de tous est marqu\u00e9e par quelques annecdotes...","og_url":"https:\/\/blog.smoking.fr\/le-tabac\/","og_site_name":"Blog smoking.fr","article_published_time":"2011-05-30T08:03:05+00:00","article_modified_time":"2025-05-16T14:00:03+00:00","og_image":[{"width":1280,"height":847,"url":"https:\/\/cdn.blog.smoking.fr\/wp-content\/uploads\/2021\/03\/le-tabac.jpg","type":"image\/jpeg"}],"author":"smoking","twitter_card":"summary_large_image","twitter_misc":{"\u00c9crit par":"smoking","Dur\u00e9e de lecture estim\u00e9e":"3 minutes"},"schema":{"@context":"https:\/\/schema.org","@graph":[{"@type":"Article","@id":"https:\/\/blog.smoking.fr\/le-tabac\/#article","isPartOf":{"@id":"https:\/\/blog.smoking.fr\/le-tabac\/"},"author":{"name":"smoking","@id":"https:\/\/blog.smoking.fr\/#\/schema\/person\/66f05f6c494f2aa18471a27e3851e747"},"headline":"Le tabac","datePublished":"2011-05-30T08:03:05+00:00","dateModified":"2025-05-16T14:00:03+00:00","mainEntityOfPage":{"@id":"https:\/\/blog.smoking.fr\/le-tabac\/"},"wordCount":613,"publisher":{"@id":"https:\/\/blog.smoking.fr\/#organization"},"image":{"@id":"https:\/\/blog.smoking.fr\/le-tabac\/#primaryimage"},"thumbnailUrl":"https:\/\/cdn.blog.smoking.fr\/wp-content\/uploads\/2021\/03\/le-tabac.jpg","articleSection":["Autre"],"inLanguage":"fr-FR"},{"@type":"WebPage","@id":"https:\/\/blog.smoking.fr\/le-tabac\/","url":"https:\/\/blog.smoking.fr\/le-tabac\/","name":"Le tabac - Blog smoking.fr","isPartOf":{"@id":"https:\/\/blog.smoking.fr\/#website"},"primaryImageOfPage":{"@id":"https:\/\/blog.smoking.fr\/le-tabac\/#primaryimage"},"image":{"@id":"https:\/\/blog.smoking.fr\/le-tabac\/#primaryimage"},"thumbnailUrl":"https:\/\/cdn.blog.smoking.fr\/wp-content\/uploads\/2021\/03\/le-tabac.jpg","datePublished":"2011-05-30T08:03:05+00:00","dateModified":"2025-05-16T14:00:03+00:00","description":"Cet article retrace l'histoire et les dates marquantes li\u00e9s au tabac. Cette plante connue de tous est marqu\u00e9e par quelques annecdotes...","breadcrumb":{"@id":"https:\/\/blog.smoking.fr\/le-tabac\/#breadcrumb"},"inLanguage":"fr-FR","potentialAction":[{"@type":"ReadAction","target":["https:\/\/blog.smoking.fr\/le-tabac\/"]}]},{"@type":"ImageObject","inLanguage":"fr-FR","@id":"https:\/\/blog.smoking.fr\/le-tabac\/#primaryimage","url":"https:\/\/cdn.blog.smoking.fr\/wp-content\/uploads\/2021\/03\/le-tabac.jpg","contentUrl":"https:\/\/cdn.blog.smoking.fr\/wp-content\/uploads\/2021\/03\/le-tabac.jpg","width":1280,"height":847},{"@type":"BreadcrumbList","@id":"https:\/\/blog.smoking.fr\/le-tabac\/#breadcrumb","itemListElement":[{"@type":"ListItem","position":1,"name":"Home","item":"https:\/\/blog.smoking.fr\/"},{"@type":"ListItem","position":2,"name":"Le tabac"}]},{"@type":"WebSite","@id":"https:\/\/blog.smoking.fr\/#website","url":"https:\/\/blog.smoking.fr\/","name":"Blog smoking.fr","description":"Blog smoking.fr","publisher":{"@id":"https:\/\/blog.smoking.fr\/#organization"},"potentialAction":[{"@type":"SearchAction","target":{"@type":"EntryPoint","urlTemplate":"https:\/\/blog.smoking.fr\/?s={search_term_string}"},"query-input":{"@type":"PropertyValueSpecification","valueRequired":true,"valueName":"search_term_string"}}],"inLanguage":"fr-FR"},{"@type":"Organization","@id":"https:\/\/blog.smoking.fr\/#organization","name":"Blog Smoking.fr","url":"https:\/\/blog.smoking.fr\/","logo":{"@type":"ImageObject","inLanguage":"fr-FR","@id":"https:\/\/blog.smoking.fr\/#\/schema\/logo\/image\/","url":"https:\/\/cdn.blog.smoking.fr\/wp-content\/uploads\/2021\/03\/cropped-Logo_Le-Blog-1.png","contentUrl":"https:\/\/cdn.blog.smoking.fr\/wp-content\/uploads\/2021\/03\/cropped-Logo_Le-Blog-1.png","width":149,"height":70,"caption":"Blog Smoking.fr"},"image":{"@id":"https:\/\/blog.smoking.fr\/#\/schema\/logo\/image\/"}},{"@type":"Person","@id":"https:\/\/blog.smoking.fr\/#\/schema\/person\/66f05f6c494f2aa18471a27e3851e747","name":"smoking","image":{"@type":"ImageObject","inLanguage":"fr-FR","@id":"https:\/\/secure.gravatar.com\/avatar\/68ca6f1d7f2bc912ac04391fee35b378fad8d6526444f2a576a3593c5b1ddb26?s=96&d=mm&r=g","url":"https:\/\/secure.gravatar.com\/avatar\/68ca6f1d7f2bc912ac04391fee35b378fad8d6526444f2a576a3593c5b1ddb26?s=96&d=mm&r=g","contentUrl":"https:\/\/secure.gravatar.com\/avatar\/68ca6f1d7f2bc912ac04391fee35b378fad8d6526444f2a576a3593c5b1ddb26?s=96&d=mm&r=g","caption":"smoking"},"sameAs":["https:\/\/blog.smoking.fr"]}]}},"_links":{"self":[{"href":"https:\/\/blog.smoking.fr\/wp-json\/wp\/v2\/posts\/798","targetHints":{"allow":["GET"]}}],"collection":[{"href":"https:\/\/blog.smoking.fr\/wp-json\/wp\/v2\/posts"}],"about":[{"href":"https:\/\/blog.smoking.fr\/wp-json\/wp\/v2\/types\/post"}],"author":[{"embeddable":true,"href":"https:\/\/blog.smoking.fr\/wp-json\/wp\/v2\/users\/1"}],"replies":[{"embeddable":true,"href":"https:\/\/blog.smoking.fr\/wp-json\/wp\/v2\/comments?post=798"}],"version-history":[{"count":2,"href":"https:\/\/blog.smoking.fr\/wp-json\/wp\/v2\/posts\/798\/revisions"}],"predecessor-version":[{"id":2924,"href":"https:\/\/blog.smoking.fr\/wp-json\/wp\/v2\/posts\/798\/revisions\/2924"}],"wp:featuredmedia":[{"embeddable":true,"href":"https:\/\/blog.smoking.fr\/wp-json\/wp\/v2\/media\/799"}],"wp:attachment":[{"href":"https:\/\/blog.smoking.fr\/wp-json\/wp\/v2\/media?parent=798"}],"wp:term":[{"taxonomy":"category","embeddable":true,"href":"https:\/\/blog.smoking.fr\/wp-json\/wp\/v2\/categories?post=798"},{"taxonomy":"post_tag","embeddable":true,"href":"https:\/\/blog.smoking.fr\/wp-json\/wp\/v2\/tags?post=798"}],"curies":[{"name":"wp","href":"https:\/\/api.w.org\/{rel}","templated":true}]}}