{"id":731,"date":"2016-02-23T09:15:59","date_gmt":"2016-02-23T08:15:59","guid":{"rendered":"https:\/\/blog.smoking.fr\/?p=731"},"modified":"2021-03-25T09:20:40","modified_gmt":"2021-03-25T08:20:40","slug":"marisol-touraine-demande-un-paquet-de-cigarettes-a-10-euros","status":"publish","type":"post","link":"https:\/\/blog.smoking.fr\/marisol-touraine-demande-un-paquet-de-cigarettes-a-10-euros\/","title":{"rendered":"Marisol Touraine demande un paquet de cigarettes \u00e0 10 euros"},"content":{"rendered":"<div id=\"ez-toc-container\" class=\"ez-toc-v2_0_82_2 counter-hierarchy ez-toc-counter ez-toc-grey ez-toc-container-direction\">\n<div class=\"ez-toc-title-container\"><p class=\"ez-toc-title\" style=\"cursor:inherit\">Contenus de la page :<\/p>\n<\/div><nav><ul class='ez-toc-list ez-toc-list-level-1 ' ><li class='ez-toc-page-1 ez-toc-heading-level-2'><a class=\"ez-toc-link ez-toc-heading-1\" href=\"https:\/\/blog.smoking.fr\/marisol-touraine-demande-un-paquet-de-cigarettes-a-10-euros\/#Une_hausse_pour_lutter_contre_le_tabagisme\" >Une hausse pour lutter contre le tabagisme<\/a><ul class='ez-toc-list-level-3' ><li class='ez-toc-heading-level-3'><a class=\"ez-toc-link ez-toc-heading-2\" href=\"https:\/\/blog.smoking.fr\/marisol-touraine-demande-un-paquet-de-cigarettes-a-10-euros\/#Hausse_du_prix_des_cigarettes_une_mesure_qui_fait_debat\" >Hausse du prix des cigarettes, une mesure qui fait d\u00e9bat<\/a><\/li><li class='ez-toc-page-1 ez-toc-heading-level-3'><a class=\"ez-toc-link ez-toc-heading-3\" href=\"https:\/\/blog.smoking.fr\/marisol-touraine-demande-un-paquet-de-cigarettes-a-10-euros\/#Mieux_remunerer_les_medecins_engages_dans_la_lutte_contre_le_tabagisme\" >Mieux r\u00e9mun\u00e9rer les m\u00e9decins engag\u00e9s dans la lutte contre le tabagisme<\/a><\/li><\/ul><\/li><\/ul><\/nav><\/div>\n<h2><span class=\"ez-toc-section\" id=\"Une_hausse_pour_lutter_contre_le_tabagisme\"><\/span>Une hausse pour lutter contre le tabagisme<span class=\"ez-toc-section-end\"><\/span><\/h2>\n<p>La Ministre de la Sant\u00e9 s\u2019est prononc\u00e9e en faveur d\u2019une hausse spectaculaire du prix des cigarettes d\u2019ici la fin du quinquennat. La derni\u00e8re hausse date de janvier 2014, portant le paquet le moins cher \u00e0 6,5 \u20ac, et celui de Marlboro, la marque la plus vendue, \u00e0 7\u20ac.<\/p>\n<p>D\u00e9sormais, elle veut \u00ab une augmentation forte et significative \u00bb du paquet, selon ses d\u00e9clarations au \u00ab Grand Jury \u00bb sur RTL\/Le Figaro\/LCI ce dimanche 21 f\u00e9vrier. Le paquet neutre, qui doit \u00eatre mis en place le 20 mars prochain ne sera qu\u2019une \u00e9tape dans la lutte contre le tabagisme ; le prix du tabac doit en \u00eatre une autre. Selon elle, c\u2019est un levier qui fonctionne pour faire baisser le nombre de fumeurs.<\/p>\n<blockquote>\n<p style=\"text-align: center;\"><strong>\u00abJe veux une augmentation forte et significative du prix du tabac le plus vite possible.\u00bb<\/strong><\/p>\n<\/blockquote>\n<p style=\"text-align: center;\"><em>Marisol Touraine,\u00a0Ministre de la Sant\u00e9<\/em><\/p>\n<p>&nbsp;<\/p>\n<h3><span class=\"ez-toc-section\" id=\"Hausse_du_prix_des_cigarettes_une_mesure_qui_fait_debat\"><\/span><span id=\"Hausse_du_prix_des_cigarettes,_une_mesure_qui_fait_debat\" class=\"ez-toc-section\"><\/span>Hausse du prix des cigarettes, une mesure qui fait d\u00e9bat<span class=\"ez-toc-section-end\"><\/span><\/h3>\n<p>Toutefois, il ne semble pas que cette mesure soit \u00e0 l\u2019ordre du jour de ce quinquennat. En octobre dernier, les d\u00e9put\u00e9s avaient d\u00e9j\u00e0 rejet\u00e9 toute hausse du prix du tabac, pour \u00e9viter de f\u00e2cher encore plus les buralistes, d\u00e9j\u00e0 mis en col\u00e8re par l\u2019instauration du paquet neutre. N\u00e9anmoins, elle est en accord avec les pr\u00e9conisations de la Cour des comptes exprim\u00e9es dans son dernier rapport annuel ; selon l\u2019institution en effet, \u00ab une politique de rel\u00e8vement soutenu des prix \u00bb est n\u00e9cessaire pour \u00ab provoquer un baisse effective et durable de la consommation \u00bb. Les r\u00e9actions \u00e0 la suite de ces propos n\u2019ont pas tard\u00e9. Pour Pascal Montredon, pr\u00e9sident de la Conf\u00e9d\u00e9ration des buralistes, une telle mesure signerait la fin de leur profession. Selon lui, en outre, le risque est de voir une part importante de la consommation \u00e9chapper \u00e0 tout contr\u00f4le. Mais pour Bertrand Dautzenberg, pr\u00e9sident de l&rsquo;Office fran\u00e7ais de pr\u00e9vention du tabagisme, une \u00ab augmentation des prix d\u2019au moins 10% est la seule mesure vraiment efficace \u00bb pour faire diminuer la consommation.<\/p>\n<h3><span class=\"ez-toc-section\" id=\"Mieux_remunerer_les_medecins_engages_dans_la_lutte_contre_le_tabagisme\"><\/span><span id=\"Mieux_remunerer_les_medecins_engages_dans_la_lutte_contre_le_tabagisme\" class=\"ez-toc-section\"><\/span>Mieux r\u00e9mun\u00e9rer les m\u00e9decins engag\u00e9s dans la lutte contre le tabagisme<span class=\"ez-toc-section-end\"><\/span><\/h3>\n<p>La ministre de la sant\u00e9 souhaite \u00e9galement voir valoris\u00e9 \u00ab les m\u00e9decins fortement engag\u00e9s dans la lutte contre le tabac \u00bb ; selon elle, un m\u00e9decin qui s\u2019implique pour que ses patients arr\u00eatent de fumer devrait \u00eatre r\u00e9mun\u00e9r\u00e9 pour cela, notamment par des compl\u00e9ments financiers accord\u00e9s directement par l\u2019Assurance Maladie. C\u2019est un des exemples possibles de l\u2019augmentation de la r\u00e9mun\u00e9ration des m\u00e9decins, point sur lequel des n\u00e9gociations s\u2019ouvriront mercredi prochain. Selon la ministre, cette n\u00e9gociation devrait durer plusieurs mois, mais elle souhaite la voir aboutir \u00ab autour de l\u2019\u00e9t\u00e9 \u00bb.<\/p>\n","protected":false},"excerpt":{"rendered":"<p>Une hausse pour lutter contre le tabagisme La Ministre de la Sant\u00e9 s\u2019est prononc\u00e9e en faveur d\u2019une hausse spectaculaire du prix des cigarettes d\u2019ici la fin du quinquennat. La derni\u00e8re hausse date de janvier 2014, portant le paquet le moins cher \u00e0 6,5 \u20ac, et celui de Marlboro, la marque la plus vendue, \u00e0 7\u20ac. D\u00e9sormais, elle veut \u00ab une augmentation forte et significative \u00bb du paquet, selon ses d\u00e9clarations au \u00ab Grand Jury \u00bb sur RTL\/Le Figaro\/LCI ce dimanche &hellip; <\/p>\n","protected":false},"author":1,"featured_media":736,"comment_status":"closed","ping_status":"closed","sticky":false,"template":"","format":"standard","meta":{"footnotes":""},"categories":[8],"tags":[],"class_list":["post-731","post","type-post","status-publish","format-standard","has-post-thumbnail","hentry","category-autre"],"yoast_head":"<!-- This site is optimized with the Yoast SEO plugin v27.5 - https:\/\/yoast.com\/product\/yoast-seo-wordpress\/ -->\n<title>Marisol Touraine demande un paquet de cigarettes \u00e0 10 euros<\/title>\n<meta name=\"description\" content=\"Hausse du paquet de cigarettes, la Ministre de la Sant\u00e9 s\u2019est prononc\u00e9e en faveur d\u2019une hausse spectaculaire du prix du tabac d\u2019ici la fin du quinquennat.\" \/>\n<meta name=\"robots\" content=\"index, follow, max-snippet:-1, max-image-preview:large, max-video-preview:-1\" \/>\n<link rel=\"canonical\" href=\"https:\/\/blog.smoking.fr\/marisol-touraine-demande-un-paquet-de-cigarettes-a-10-euros\/\" \/>\n<meta property=\"og:locale\" content=\"fr_FR\" \/>\n<meta property=\"og:type\" content=\"article\" \/>\n<meta property=\"og:title\" content=\"Marisol Touraine demande un paquet de cigarettes \u00e0 10 euros\" \/>\n<meta property=\"og:description\" content=\"Hausse du paquet de cigarettes, la Ministre de la Sant\u00e9 s\u2019est prononc\u00e9e en faveur d\u2019une hausse spectaculaire du prix du tabac d\u2019ici la fin du quinquennat.\" \/>\n<meta property=\"og:url\" content=\"https:\/\/blog.smoking.fr\/marisol-touraine-demande-un-paquet-de-cigarettes-a-10-euros\/\" \/>\n<meta property=\"og:site_name\" content=\"Blog smoking.fr\" \/>\n<meta property=\"article:published_time\" content=\"2016-02-23T08:15:59+00:00\" \/>\n<meta property=\"article:modified_time\" content=\"2021-03-25T08:20:40+00:00\" \/>\n<meta property=\"og:image\" content=\"https:\/\/cdn.blog.smoking.fr\/wp-content\/uploads\/2016\/02\/augmentation-prix-paquet-cigarettes.jpg\" \/>\n\t<meta property=\"og:image:width\" content=\"1280\" \/>\n\t<meta property=\"og:image:height\" content=\"854\" \/>\n\t<meta property=\"og:image:type\" content=\"image\/jpeg\" \/>\n<meta name=\"author\" content=\"smoking\" \/>\n<meta name=\"twitter:card\" content=\"summary_large_image\" \/>\n<meta name=\"twitter:label1\" content=\"\u00c9crit par\" \/>\n\t<meta name=\"twitter:data1\" content=\"smoking\" \/>\n\t<meta name=\"twitter:label2\" content=\"Dur\u00e9e de lecture estim\u00e9e\" \/>\n\t<meta name=\"twitter:data2\" content=\"2 minutes\" \/>\n<script type=\"application\/ld+json\" class=\"yoast-schema-graph\">{\"@context\":\"https:\\\/\\\/schema.org\",\"@graph\":[{\"@type\":\"Article\",\"@id\":\"https:\\\/\\\/blog.smoking.fr\\\/marisol-touraine-demande-un-paquet-de-cigarettes-a-10-euros\\\/#article\",\"isPartOf\":{\"@id\":\"https:\\\/\\\/blog.smoking.fr\\\/marisol-touraine-demande-un-paquet-de-cigarettes-a-10-euros\\\/\"},\"author\":{\"name\":\"smoking\",\"@id\":\"https:\\\/\\\/blog.smoking.fr\\\/#\\\/schema\\\/person\\\/66f05f6c494f2aa18471a27e3851e747\"},\"headline\":\"Marisol Touraine demande un paquet de cigarettes \u00e0 10 euros\",\"datePublished\":\"2016-02-23T08:15:59+00:00\",\"dateModified\":\"2021-03-25T08:20:40+00:00\",\"mainEntityOfPage\":{\"@id\":\"https:\\\/\\\/blog.smoking.fr\\\/marisol-touraine-demande-un-paquet-de-cigarettes-a-10-euros\\\/\"},\"wordCount\":476,\"publisher\":{\"@id\":\"https:\\\/\\\/blog.smoking.fr\\\/#organization\"},\"image\":{\"@id\":\"https:\\\/\\\/blog.smoking.fr\\\/marisol-touraine-demande-un-paquet-de-cigarettes-a-10-euros\\\/#primaryimage\"},\"thumbnailUrl\":\"https:\\\/\\\/blog.smoking.fr\\\/wp-content\\\/uploads\\\/2016\\\/02\\\/augmentation-prix-paquet-cigarettes.jpg\",\"articleSection\":[\"Autre\"],\"inLanguage\":\"fr-FR\"},{\"@type\":\"WebPage\",\"@id\":\"https:\\\/\\\/blog.smoking.fr\\\/marisol-touraine-demande-un-paquet-de-cigarettes-a-10-euros\\\/\",\"url\":\"https:\\\/\\\/blog.smoking.fr\\\/marisol-touraine-demande-un-paquet-de-cigarettes-a-10-euros\\\/\",\"name\":\"Marisol Touraine demande un paquet de cigarettes \u00e0 10 euros\",\"isPartOf\":{\"@id\":\"https:\\\/\\\/blog.smoking.fr\\\/#website\"},\"primaryImageOfPage\":{\"@id\":\"https:\\\/\\\/blog.smoking.fr\\\/marisol-touraine-demande-un-paquet-de-cigarettes-a-10-euros\\\/#primaryimage\"},\"image\":{\"@id\":\"https:\\\/\\\/blog.smoking.fr\\\/marisol-touraine-demande-un-paquet-de-cigarettes-a-10-euros\\\/#primaryimage\"},\"thumbnailUrl\":\"https:\\\/\\\/blog.smoking.fr\\\/wp-content\\\/uploads\\\/2016\\\/02\\\/augmentation-prix-paquet-cigarettes.jpg\",\"datePublished\":\"2016-02-23T08:15:59+00:00\",\"dateModified\":\"2021-03-25T08:20:40+00:00\",\"description\":\"Hausse du paquet de cigarettes, la Ministre de la Sant\u00e9 s\u2019est prononc\u00e9e en faveur d\u2019une hausse spectaculaire du prix du tabac d\u2019ici la fin du quinquennat.\",\"breadcrumb\":{\"@id\":\"https:\\\/\\\/blog.smoking.fr\\\/marisol-touraine-demande-un-paquet-de-cigarettes-a-10-euros\\\/#breadcrumb\"},\"inLanguage\":\"fr-FR\",\"potentialAction\":[{\"@type\":\"ReadAction\",\"target\":[\"https:\\\/\\\/blog.smoking.fr\\\/marisol-touraine-demande-un-paquet-de-cigarettes-a-10-euros\\\/\"]}]},{\"@type\":\"ImageObject\",\"inLanguage\":\"fr-FR\",\"@id\":\"https:\\\/\\\/blog.smoking.fr\\\/marisol-touraine-demande-un-paquet-de-cigarettes-a-10-euros\\\/#primaryimage\",\"url\":\"https:\\\/\\\/blog.smoking.fr\\\/wp-content\\\/uploads\\\/2016\\\/02\\\/augmentation-prix-paquet-cigarettes.jpg\",\"contentUrl\":\"https:\\\/\\\/blog.smoking.fr\\\/wp-content\\\/uploads\\\/2016\\\/02\\\/augmentation-prix-paquet-cigarettes.jpg\",\"width\":1280,\"height\":854},{\"@type\":\"BreadcrumbList\",\"@id\":\"https:\\\/\\\/blog.smoking.fr\\\/marisol-touraine-demande-un-paquet-de-cigarettes-a-10-euros\\\/#breadcrumb\",\"itemListElement\":[{\"@type\":\"ListItem\",\"position\":1,\"name\":\"Home\",\"item\":\"https:\\\/\\\/blog.smoking.fr\\\/\"},{\"@type\":\"ListItem\",\"position\":2,\"name\":\"Marisol Touraine demande un paquet de cigarettes \u00e0 10 euros\"}]},{\"@type\":\"WebSite\",\"@id\":\"https:\\\/\\\/blog.smoking.fr\\\/#website\",\"url\":\"https:\\\/\\\/blog.smoking.fr\\\/\",\"name\":\"Blog smoking.fr\",\"description\":\"Blog smoking.fr\",\"publisher\":{\"@id\":\"https:\\\/\\\/blog.smoking.fr\\\/#organization\"},\"potentialAction\":[{\"@type\":\"SearchAction\",\"target\":{\"@type\":\"EntryPoint\",\"urlTemplate\":\"https:\\\/\\\/blog.smoking.fr\\\/?s={search_term_string}\"},\"query-input\":{\"@type\":\"PropertyValueSpecification\",\"valueRequired\":true,\"valueName\":\"search_term_string\"}}],\"inLanguage\":\"fr-FR\"},{\"@type\":\"Organization\",\"@id\":\"https:\\\/\\\/blog.smoking.fr\\\/#organization\",\"name\":\"Blog Smoking.fr\",\"url\":\"https:\\\/\\\/blog.smoking.fr\\\/\",\"logo\":{\"@type\":\"ImageObject\",\"inLanguage\":\"fr-FR\",\"@id\":\"https:\\\/\\\/blog.smoking.fr\\\/#\\\/schema\\\/logo\\\/image\\\/\",\"url\":\"https:\\\/\\\/blog.smoking.fr\\\/wp-content\\\/uploads\\\/2021\\\/03\\\/cropped-Logo_Le-Blog-1.png\",\"contentUrl\":\"https:\\\/\\\/blog.smoking.fr\\\/wp-content\\\/uploads\\\/2021\\\/03\\\/cropped-Logo_Le-Blog-1.png\",\"width\":149,\"height\":70,\"caption\":\"Blog Smoking.fr\"},\"image\":{\"@id\":\"https:\\\/\\\/blog.smoking.fr\\\/#\\\/schema\\\/logo\\\/image\\\/\"}},{\"@type\":\"Person\",\"@id\":\"https:\\\/\\\/blog.smoking.fr\\\/#\\\/schema\\\/person\\\/66f05f6c494f2aa18471a27e3851e747\",\"name\":\"smoking\",\"image\":{\"@type\":\"ImageObject\",\"inLanguage\":\"fr-FR\",\"@id\":\"https:\\\/\\\/secure.gravatar.com\\\/avatar\\\/68ca6f1d7f2bc912ac04391fee35b378fad8d6526444f2a576a3593c5b1ddb26?s=96&d=mm&r=g\",\"url\":\"https:\\\/\\\/secure.gravatar.com\\\/avatar\\\/68ca6f1d7f2bc912ac04391fee35b378fad8d6526444f2a576a3593c5b1ddb26?s=96&d=mm&r=g\",\"contentUrl\":\"https:\\\/\\\/secure.gravatar.com\\\/avatar\\\/68ca6f1d7f2bc912ac04391fee35b378fad8d6526444f2a576a3593c5b1ddb26?s=96&d=mm&r=g\",\"caption\":\"smoking\"},\"sameAs\":[\"https:\\\/\\\/blog.smoking.fr\"]}]}<\/script>\n<!-- \/ Yoast SEO plugin. -->","yoast_head_json":{"title":"Marisol Touraine demande un paquet de cigarettes \u00e0 10 euros","description":"Hausse du paquet de cigarettes, la Ministre de la Sant\u00e9 s\u2019est prononc\u00e9e en faveur d\u2019une hausse spectaculaire du prix du tabac d\u2019ici la fin du quinquennat.","robots":{"index":"index","follow":"follow","max-snippet":"max-snippet:-1","max-image-preview":"max-image-preview:large","max-video-preview":"max-video-preview:-1"},"canonical":"https:\/\/blog.smoking.fr\/marisol-touraine-demande-un-paquet-de-cigarettes-a-10-euros\/","og_locale":"fr_FR","og_type":"article","og_title":"Marisol Touraine demande un paquet de cigarettes \u00e0 10 euros","og_description":"Hausse du paquet de cigarettes, la Ministre de la Sant\u00e9 s\u2019est prononc\u00e9e en faveur d\u2019une hausse spectaculaire du prix du tabac d\u2019ici la fin du quinquennat.","og_url":"https:\/\/blog.smoking.fr\/marisol-touraine-demande-un-paquet-de-cigarettes-a-10-euros\/","og_site_name":"Blog smoking.fr","article_published_time":"2016-02-23T08:15:59+00:00","article_modified_time":"2021-03-25T08:20:40+00:00","og_image":[{"width":1280,"height":854,"url":"https:\/\/cdn.blog.smoking.fr\/wp-content\/uploads\/2016\/02\/augmentation-prix-paquet-cigarettes.jpg","type":"image\/jpeg"}],"author":"smoking","twitter_card":"summary_large_image","twitter_misc":{"\u00c9crit par":"smoking","Dur\u00e9e de lecture estim\u00e9e":"2 minutes"},"schema":{"@context":"https:\/\/schema.org","@graph":[{"@type":"Article","@id":"https:\/\/blog.smoking.fr\/marisol-touraine-demande-un-paquet-de-cigarettes-a-10-euros\/#article","isPartOf":{"@id":"https:\/\/blog.smoking.fr\/marisol-touraine-demande-un-paquet-de-cigarettes-a-10-euros\/"},"author":{"name":"smoking","@id":"https:\/\/blog.smoking.fr\/#\/schema\/person\/66f05f6c494f2aa18471a27e3851e747"},"headline":"Marisol Touraine demande un paquet de cigarettes \u00e0 10 euros","datePublished":"2016-02-23T08:15:59+00:00","dateModified":"2021-03-25T08:20:40+00:00","mainEntityOfPage":{"@id":"https:\/\/blog.smoking.fr\/marisol-touraine-demande-un-paquet-de-cigarettes-a-10-euros\/"},"wordCount":476,"publisher":{"@id":"https:\/\/blog.smoking.fr\/#organization"},"image":{"@id":"https:\/\/blog.smoking.fr\/marisol-touraine-demande-un-paquet-de-cigarettes-a-10-euros\/#primaryimage"},"thumbnailUrl":"https:\/\/cdn.blog.smoking.fr\/wp-content\/uploads\/2016\/02\/augmentation-prix-paquet-cigarettes.jpg","articleSection":["Autre"],"inLanguage":"fr-FR"},{"@type":"WebPage","@id":"https:\/\/blog.smoking.fr\/marisol-touraine-demande-un-paquet-de-cigarettes-a-10-euros\/","url":"https:\/\/blog.smoking.fr\/marisol-touraine-demande-un-paquet-de-cigarettes-a-10-euros\/","name":"Marisol Touraine demande un paquet de cigarettes \u00e0 10 euros","isPartOf":{"@id":"https:\/\/blog.smoking.fr\/#website"},"primaryImageOfPage":{"@id":"https:\/\/blog.smoking.fr\/marisol-touraine-demande-un-paquet-de-cigarettes-a-10-euros\/#primaryimage"},"image":{"@id":"https:\/\/blog.smoking.fr\/marisol-touraine-demande-un-paquet-de-cigarettes-a-10-euros\/#primaryimage"},"thumbnailUrl":"https:\/\/cdn.blog.smoking.fr\/wp-content\/uploads\/2016\/02\/augmentation-prix-paquet-cigarettes.jpg","datePublished":"2016-02-23T08:15:59+00:00","dateModified":"2021-03-25T08:20:40+00:00","description":"Hausse du paquet de cigarettes, la Ministre de la Sant\u00e9 s\u2019est prononc\u00e9e en faveur d\u2019une hausse spectaculaire du prix du tabac d\u2019ici la fin du quinquennat.","breadcrumb":{"@id":"https:\/\/blog.smoking.fr\/marisol-touraine-demande-un-paquet-de-cigarettes-a-10-euros\/#breadcrumb"},"inLanguage":"fr-FR","potentialAction":[{"@type":"ReadAction","target":["https:\/\/blog.smoking.fr\/marisol-touraine-demande-un-paquet-de-cigarettes-a-10-euros\/"]}]},{"@type":"ImageObject","inLanguage":"fr-FR","@id":"https:\/\/blog.smoking.fr\/marisol-touraine-demande-un-paquet-de-cigarettes-a-10-euros\/#primaryimage","url":"https:\/\/cdn.blog.smoking.fr\/wp-content\/uploads\/2016\/02\/augmentation-prix-paquet-cigarettes.jpg","contentUrl":"https:\/\/cdn.blog.smoking.fr\/wp-content\/uploads\/2016\/02\/augmentation-prix-paquet-cigarettes.jpg","width":1280,"height":854},{"@type":"BreadcrumbList","@id":"https:\/\/blog.smoking.fr\/marisol-touraine-demande-un-paquet-de-cigarettes-a-10-euros\/#breadcrumb","itemListElement":[{"@type":"ListItem","position":1,"name":"Home","item":"https:\/\/blog.smoking.fr\/"},{"@type":"ListItem","position":2,"name":"Marisol Touraine demande un paquet de cigarettes \u00e0 10 euros"}]},{"@type":"WebSite","@id":"https:\/\/blog.smoking.fr\/#website","url":"https:\/\/blog.smoking.fr\/","name":"Blog smoking.fr","description":"Blog smoking.fr","publisher":{"@id":"https:\/\/blog.smoking.fr\/#organization"},"potentialAction":[{"@type":"SearchAction","target":{"@type":"EntryPoint","urlTemplate":"https:\/\/blog.smoking.fr\/?s={search_term_string}"},"query-input":{"@type":"PropertyValueSpecification","valueRequired":true,"valueName":"search_term_string"}}],"inLanguage":"fr-FR"},{"@type":"Organization","@id":"https:\/\/blog.smoking.fr\/#organization","name":"Blog Smoking.fr","url":"https:\/\/blog.smoking.fr\/","logo":{"@type":"ImageObject","inLanguage":"fr-FR","@id":"https:\/\/blog.smoking.fr\/#\/schema\/logo\/image\/","url":"https:\/\/cdn.blog.smoking.fr\/wp-content\/uploads\/2021\/03\/cropped-Logo_Le-Blog-1.png","contentUrl":"https:\/\/cdn.blog.smoking.fr\/wp-content\/uploads\/2021\/03\/cropped-Logo_Le-Blog-1.png","width":149,"height":70,"caption":"Blog Smoking.fr"},"image":{"@id":"https:\/\/blog.smoking.fr\/#\/schema\/logo\/image\/"}},{"@type":"Person","@id":"https:\/\/blog.smoking.fr\/#\/schema\/person\/66f05f6c494f2aa18471a27e3851e747","name":"smoking","image":{"@type":"ImageObject","inLanguage":"fr-FR","@id":"https:\/\/secure.gravatar.com\/avatar\/68ca6f1d7f2bc912ac04391fee35b378fad8d6526444f2a576a3593c5b1ddb26?s=96&d=mm&r=g","url":"https:\/\/secure.gravatar.com\/avatar\/68ca6f1d7f2bc912ac04391fee35b378fad8d6526444f2a576a3593c5b1ddb26?s=96&d=mm&r=g","contentUrl":"https:\/\/secure.gravatar.com\/avatar\/68ca6f1d7f2bc912ac04391fee35b378fad8d6526444f2a576a3593c5b1ddb26?s=96&d=mm&r=g","caption":"smoking"},"sameAs":["https:\/\/blog.smoking.fr"]}]}},"_links":{"self":[{"href":"https:\/\/blog.smoking.fr\/wp-json\/wp\/v2\/posts\/731","targetHints":{"allow":["GET"]}}],"collection":[{"href":"https:\/\/blog.smoking.fr\/wp-json\/wp\/v2\/posts"}],"about":[{"href":"https:\/\/blog.smoking.fr\/wp-json\/wp\/v2\/types\/post"}],"author":[{"embeddable":true,"href":"https:\/\/blog.smoking.fr\/wp-json\/wp\/v2\/users\/1"}],"replies":[{"embeddable":true,"href":"https:\/\/blog.smoking.fr\/wp-json\/wp\/v2\/comments?post=731"}],"version-history":[{"count":2,"href":"https:\/\/blog.smoking.fr\/wp-json\/wp\/v2\/posts\/731\/revisions"}],"predecessor-version":[{"id":735,"href":"https:\/\/blog.smoking.fr\/wp-json\/wp\/v2\/posts\/731\/revisions\/735"}],"wp:featuredmedia":[{"embeddable":true,"href":"https:\/\/blog.smoking.fr\/wp-json\/wp\/v2\/media\/736"}],"wp:attachment":[{"href":"https:\/\/blog.smoking.fr\/wp-json\/wp\/v2\/media?parent=731"}],"wp:term":[{"taxonomy":"category","embeddable":true,"href":"https:\/\/blog.smoking.fr\/wp-json\/wp\/v2\/categories?post=731"},{"taxonomy":"post_tag","embeddable":true,"href":"https:\/\/blog.smoking.fr\/wp-json\/wp\/v2\/tags?post=731"}],"curies":[{"name":"wp","href":"https:\/\/api.w.org\/{rel}","templated":true}]}}