{"id":2939,"date":"2025-06-03T11:37:54","date_gmt":"2025-06-03T09:37:54","guid":{"rendered":"https:\/\/blog.smoking.fr\/?p=2939"},"modified":"2025-06-03T11:37:54","modified_gmt":"2025-06-03T09:37:54","slug":"de-nouveaux-espaces-publics-interdits-aux-fumeurs-des-juillet-2025","status":"publish","type":"post","link":"https:\/\/blog.smoking.fr\/de-nouveaux-espaces-publics-interdits-aux-fumeurs-des-juillet-2025\/","title":{"rendered":"De nouveaux espaces publics interdits aux fumeurs d\u00e8s juillet 2025"},"content":{"rendered":"<p>D\u00e8s le 1er juillet 2025, le gouvernement \u00e9tend l\u2019interdiction de fumer \u00e0 plusieurs lieux publics en plein air fr\u00e9quent\u00e9s par des enfants. Cette annonce, faite fin mai 2025, vise \u00e0 prolonger les r\u00e8gles existantes sur le tabac dans les \u00e9tablissements ferm\u00e9s aux espaces ext\u00e9rieurs. Concr\u00e8tement, la d\u00e9cision concerne les endroits o\u00f9 les enfants passent du temps : parcs, jardins publics, plages, abords d\u2019\u00e9coles, abribus et installations sportives (stades, terrains de sport, etc.). Ces lieux deviendront des \u00ab espaces sans tabac \u00bb, au m\u00eame titre que les transports en commun ou les \u00e9coles, afin d\u2019\u00e9viter l\u2019exposition des mineurs \u00e0 la fum\u00e9e.<\/p>\n<div id=\"ez-toc-container\" class=\"ez-toc-v2_0_80 counter-hierarchy ez-toc-counter ez-toc-grey ez-toc-container-direction\">\n<div class=\"ez-toc-title-container\"><p class=\"ez-toc-title\" style=\"cursor:inherit\">Contenus de la page :<\/p>\n<\/div><nav><ul class='ez-toc-list ez-toc-list-level-1 ' ><li class='ez-toc-page-1 ez-toc-heading-level-2'><a class=\"ez-toc-link ez-toc-heading-1\" href=\"https:\/\/blog.smoking.fr\/de-nouveaux-espaces-publics-interdits-aux-fumeurs-des-juillet-2025\/#Lieux_concernes_par_linterdiction\" >Lieux concern\u00e9s par l\u2019interdiction<\/a><\/li><li class='ez-toc-page-1 ez-toc-heading-level-2'><a class=\"ez-toc-link ez-toc-heading-2\" href=\"https:\/\/blog.smoking.fr\/de-nouveaux-espaces-publics-interdits-aux-fumeurs-des-juillet-2025\/#Objectifs_des_nouvelles_mesures\" >Objectifs des nouvelles mesures<\/a><\/li><li class='ez-toc-page-1 ez-toc-heading-level-2'><a class=\"ez-toc-link ez-toc-heading-3\" href=\"https:\/\/blog.smoking.fr\/de-nouveaux-espaces-publics-interdits-aux-fumeurs-des-juillet-2025\/#Ce_que_cela_change_pour_les_usagers\" >Ce que cela change pour les usagers<\/a><\/li><\/ul><\/nav><\/div>\n<h2><span class=\"ez-toc-section\" id=\"Lieux_concernes_par_linterdiction\"><\/span>Lieux concern\u00e9s par l\u2019interdiction<span class=\"ez-toc-section-end\"><\/span><\/h2>\n<p>La liste pr\u00e9cise des lieux concern\u00e9s a \u00e9t\u00e9 fix\u00e9e par d\u00e9cret. On y trouve notamment :<\/p>\n<ul>\n<li>Parcs et jardins publics (espaces verts ouverts)<\/li>\n<li>Plages (en bord de mer) : l\u2019interdiction sera en vigueur principalement pendant la saison estivale<\/li>\n<li>Abords des \u00e9coles (y compris coll\u00e8ges et lyc\u00e9es)<\/li>\n<li>Abris de bus (arr\u00eats de transport en commun)<\/li>\n<li>Installations sportives ext\u00e9rieures (stades, terrains, aires de jeux)<\/li>\n<\/ul>\n<p>Ces interdictions s\u2019ajoutent aux r\u00e8gles d\u00e9j\u00e0 en place pour les lieux ferm\u00e9s (b\u00e2timents publics, restaurants, caf\u00e9s, etc.). Les terrasses de caf\u00e9s et restaurants en plein air ne sont en revanche pas concern\u00e9es par ces nouvelles mesures. En clair, un fumeur pourra toujours consommer sa cigarette sur une terrasse de bar, mais il ne devra pas fumer dans les parcs, sur la plage ni pr\u00e8s d\u2019une \u00e9cole.<\/p>\n<h2><span class=\"ez-toc-section\" id=\"Objectifs_des_nouvelles_mesures\"><\/span>Objectifs des nouvelles mesures<span class=\"ez-toc-section-end\"><\/span><\/h2>\n<p>Le but principal annonc\u00e9 est de prot\u00e9ger les enfants de la fum\u00e9e de cigarette. En interdisant de fumer dans les lieux fr\u00e9quent\u00e9s par les plus jeunes, les autorit\u00e9s entendent r\u00e9duire l\u2019exposition passive des mineurs \u00e0 la fum\u00e9e et d\u00e9courager leur initiation \u00e0 la cigarette. Les ministres ont rappel\u00e9 qu\u2019il s\u2019agit de contribuer \u00e0 faire \u00e9merger une \u00ab g\u00e9n\u00e9ration sans tabac \u00bb. Cette d\u00e9marche s\u2019inscrit dans la lutte globale contre le tabac et prend en compte les enjeux de sant\u00e9 publique : le tabac reste la premi\u00e8re cause de mortalit\u00e9 \u00e9vitable en France, avec de nombreuses maladies li\u00e9es au fait de fumer. Plus pr\u00e9cis\u00e9ment, les responsables de sant\u00e9 soulignent que fumer en pr\u00e9sence d\u2019enfants accro\u00eet leur risque de devenir fumeurs eux-m\u00eames et les expose \u00e0 des probl\u00e8mes respiratoires. En rendant ces espaces publics ext\u00e9rieurs \u00ab sans cigarette \u00bb, le gouvernement souhaite donc offrir aux plus jeunes des lieux de vie prot\u00e9g\u00e9s de la fum\u00e9e. Selon le minist\u00e8re, l\u2019interdiction vise aussi \u00e0 modifier les habitudes sociales : lorsqu\u2019un parent ou un adulte ne fume pas en attendant les enfants \u00e0 la sortie de l\u2019\u00e9cole, cela limite l\u2019image \u00ab normale \u00bb du fumeur aupr\u00e8s des jeunes.<\/p>\n<p><img loading=\"lazy\" decoding=\"async\" class=\"size-full wp-image-2940 aligncenter\" src=\"https:\/\/cdn.blog.smoking.fr\/wp-content\/uploads\/2025\/06\/Interdiciton-fumer-juillet-2025_01.jpg\" alt=\"\" width=\"1200\" height=\"800\" srcset=\"https:\/\/cdn.blog.smoking.fr\/wp-content\/uploads\/2025\/06\/Interdiciton-fumer-juillet-2025_01.jpg 1200w, https:\/\/cdn.blog.smoking.fr\/wp-content\/uploads\/2025\/06\/Interdiciton-fumer-juillet-2025_01-300x200.jpg 300w, https:\/\/cdn.blog.smoking.fr\/wp-content\/uploads\/2025\/06\/Interdiciton-fumer-juillet-2025_01-1024x683.jpg 1024w, https:\/\/cdn.blog.smoking.fr\/wp-content\/uploads\/2025\/06\/Interdiciton-fumer-juillet-2025_01-768x512.jpg 768w, https:\/\/cdn.blog.smoking.fr\/wp-content\/uploads\/2025\/06\/Interdiciton-fumer-juillet-2025_01-90x60.jpg 90w\" sizes=\"auto, (max-width: 1200px) 100vw, 1200px\" \/><\/p>\n<h2><span class=\"ez-toc-section\" id=\"Ce_que_cela_change_pour_les_usagers\"><\/span>Ce que cela change pour les usagers<span class=\"ez-toc-section-end\"><\/span><\/h2>\n<p>Concr\u00e8tement, cela signifie qu\u2019\u00e0 compter du 1er juillet 2025, les fumeurs devront s\u2019abstenir de fumer dans tous les lieux ext\u00e9rieurs list\u00e9s. Des panneaux pourront \u00eatre install\u00e9s par les mairies ou collectivit\u00e9s pour indiquer ces zones \u00ab sans tabac \u00bb. Les forces de l\u2019ordre (polices municipales et nationale) auront pour mission de faire respecter la r\u00e8gle, en constatant par exemple une contravention si quelqu\u2019un fume malgr\u00e9 l\u2019interdiction. En cas de non-respect, une amende pourra \u00eatre appliqu\u00e9e. De leur c\u00f4t\u00e9, les fumeurs verront qu\u2019ils doivent se rabattre sur d\u2019autres espaces pour consommer : par exemple, les terrasses en plein air des caf\u00e9s et restaurants restent autoris\u00e9es, de m\u00eame que les espaces publics non vis\u00e9s par la mesure (comme certains parvis ou lieux de passage non proches d\u2019enfants).<\/p>\n<p>En revanche, il faudra pr\u00e9voir de sortir des parcs ou s\u2019\u00e9loigner d\u2019un groupe d\u2019enfants pour allumer une cigarette. Il convient aussi de noter que cette interdiction ne concerne que les cigarettes classiques et produits \u00e0 base de tabac fum\u00e9. Les cigarettes \u00e9lectroniques (\u00ab vapoteuses \u00bb) ne sont pas incluses dans ces nouvelles r\u00e8gles. Ainsi, les usagers de e-cigarettes pourront continuer d\u2019en consommer dans ces lieux publics ext\u00e9rieurs, m\u00eame si le gouvernement indique qu\u2019il r\u00e9fl\u00e9chit \u00e0 de futures actions sur le sujet. En r\u00e9sum\u00e9, \u00e0 partir du 1er juillet 2025 les fumeurs devront observer de nouveaux p\u00e9rim\u00e8tres sans fumer, notamment dans les parcs, sur les plages (en \u00e9t\u00e9), aux abords des \u00e9coles, aux arr\u00eats de bus et dans les \u00e9quipements sportifs en plein air. Cette mesure, justifi\u00e9e par la protection des enfants et la sant\u00e9 publique, impose aux usagers d\u2019adapter leurs habitudes : il faudra anticiper o\u00f9 allumer une cigarette et accepter qu\u2019elle ne soit plus possible dans tous les espaces ext\u00e9rieurs comme auparavant.<\/p>\n","protected":false},"excerpt":{"rendered":"<p>D\u00e8s le 1er juillet 2025, le gouvernement \u00e9tend l\u2019interdiction de fumer \u00e0 plusieurs lieux publics en plein air fr\u00e9quent\u00e9s par des enfants. Cette annonce, faite fin mai 2025, vise \u00e0 prolonger les r\u00e8gles existantes sur le tabac dans les \u00e9tablissements ferm\u00e9s aux espaces ext\u00e9rieurs. Concr\u00e8tement, la d\u00e9cision concerne les endroits o\u00f9 les enfants passent du temps : parcs, jardins publics, plages, abords d\u2019\u00e9coles, abribus et installations sportives (stades, terrains de sport, etc.). Ces lieux deviendront des \u00ab espaces sans tabac &hellip; <\/p>\n","protected":false},"author":1,"featured_media":2941,"comment_status":"closed","ping_status":"closed","sticky":false,"template":"","format":"standard","meta":{"footnotes":""},"categories":[6],"tags":[],"class_list":["post-2939","post","type-post","status-publish","format-standard","has-post-thumbnail","hentry","category-actus-interviews"],"yoast_head":"<!-- This site is optimized with the Yoast SEO plugin v26.9 - https:\/\/yoast.com\/product\/yoast-seo-wordpress\/ -->\n<title>De nouveaux espaces publics interdits aux fumeurs d\u00e8s juillet 2025 - Blog smoking.fr<\/title>\n<meta name=\"description\" content=\"D\u00e8s le 1er juillet 2025, le gouvernement \u00e9tend l\u2019interdiction de fumer \u00e0 plusieurs lieux publics en plein air fr\u00e9quent\u00e9s par des enfants. Cette annonce,\" \/>\n<meta name=\"robots\" content=\"index, follow, max-snippet:-1, max-image-preview:large, max-video-preview:-1\" \/>\n<link rel=\"canonical\" href=\"https:\/\/blog.smoking.fr\/de-nouveaux-espaces-publics-interdits-aux-fumeurs-des-juillet-2025\/\" \/>\n<meta property=\"og:locale\" content=\"fr_FR\" \/>\n<meta property=\"og:type\" content=\"article\" \/>\n<meta property=\"og:title\" content=\"De nouveaux espaces publics interdits aux fumeurs d\u00e8s juillet 2025 - Blog smoking.fr\" \/>\n<meta property=\"og:description\" content=\"D\u00e8s le 1er juillet 2025, le gouvernement \u00e9tend l\u2019interdiction de fumer \u00e0 plusieurs lieux publics en plein air fr\u00e9quent\u00e9s par des enfants. Cette annonce,\" \/>\n<meta property=\"og:url\" content=\"https:\/\/blog.smoking.fr\/de-nouveaux-espaces-publics-interdits-aux-fumeurs-des-juillet-2025\/\" \/>\n<meta property=\"og:site_name\" content=\"Blog smoking.fr\" \/>\n<meta property=\"article:published_time\" content=\"2025-06-03T09:37:54+00:00\" \/>\n<meta property=\"og:image\" content=\"https:\/\/cdn.blog.smoking.fr\/wp-content\/uploads\/2025\/06\/Interdiciton-fumer-juillet-2025_02.jpg\" \/>\n\t<meta property=\"og:image:width\" content=\"1200\" \/>\n\t<meta property=\"og:image:height\" content=\"800\" \/>\n\t<meta property=\"og:image:type\" content=\"image\/jpeg\" \/>\n<meta name=\"author\" content=\"smoking\" \/>\n<meta name=\"twitter:card\" content=\"summary_large_image\" \/>\n<meta name=\"twitter:label1\" content=\"\u00c9crit par\" \/>\n\t<meta name=\"twitter:data1\" content=\"smoking\" \/>\n\t<meta name=\"twitter:label2\" content=\"Dur\u00e9e de lecture estim\u00e9e\" \/>\n\t<meta name=\"twitter:data2\" content=\"4 minutes\" \/>\n<script type=\"application\/ld+json\" class=\"yoast-schema-graph\">{\"@context\":\"https:\/\/schema.org\",\"@graph\":[{\"@type\":\"Article\",\"@id\":\"https:\/\/blog.smoking.fr\/de-nouveaux-espaces-publics-interdits-aux-fumeurs-des-juillet-2025\/#article\",\"isPartOf\":{\"@id\":\"https:\/\/blog.smoking.fr\/de-nouveaux-espaces-publics-interdits-aux-fumeurs-des-juillet-2025\/\"},\"author\":{\"name\":\"smoking\",\"@id\":\"https:\/\/blog.smoking.fr\/#\/schema\/person\/66f05f6c494f2aa18471a27e3851e747\"},\"headline\":\"De nouveaux espaces publics interdits aux fumeurs d\u00e8s juillet 2025\",\"datePublished\":\"2025-06-03T09:37:54+00:00\",\"mainEntityOfPage\":{\"@id\":\"https:\/\/blog.smoking.fr\/de-nouveaux-espaces-publics-interdits-aux-fumeurs-des-juillet-2025\/\"},\"wordCount\":806,\"publisher\":{\"@id\":\"https:\/\/blog.smoking.fr\/#organization\"},\"image\":{\"@id\":\"https:\/\/blog.smoking.fr\/de-nouveaux-espaces-publics-interdits-aux-fumeurs-des-juillet-2025\/#primaryimage\"},\"thumbnailUrl\":\"https:\/\/cdn.blog.smoking.fr\/wp-content\/uploads\/2025\/06\/Interdiciton-fumer-juillet-2025_02.jpg\",\"articleSection\":[\"Actus &amp; Interviews\"],\"inLanguage\":\"fr-FR\"},{\"@type\":\"WebPage\",\"@id\":\"https:\/\/blog.smoking.fr\/de-nouveaux-espaces-publics-interdits-aux-fumeurs-des-juillet-2025\/\",\"url\":\"https:\/\/blog.smoking.fr\/de-nouveaux-espaces-publics-interdits-aux-fumeurs-des-juillet-2025\/\",\"name\":\"De nouveaux espaces publics interdits aux fumeurs d\u00e8s juillet 2025 - Blog smoking.fr\",\"isPartOf\":{\"@id\":\"https:\/\/blog.smoking.fr\/#website\"},\"primaryImageOfPage\":{\"@id\":\"https:\/\/blog.smoking.fr\/de-nouveaux-espaces-publics-interdits-aux-fumeurs-des-juillet-2025\/#primaryimage\"},\"image\":{\"@id\":\"https:\/\/blog.smoking.fr\/de-nouveaux-espaces-publics-interdits-aux-fumeurs-des-juillet-2025\/#primaryimage\"},\"thumbnailUrl\":\"https:\/\/cdn.blog.smoking.fr\/wp-content\/uploads\/2025\/06\/Interdiciton-fumer-juillet-2025_02.jpg\",\"datePublished\":\"2025-06-03T09:37:54+00:00\",\"description\":\"D\u00e8s le 1er juillet 2025, le gouvernement \u00e9tend l\u2019interdiction de fumer \u00e0 plusieurs lieux publics en plein air fr\u00e9quent\u00e9s par des enfants. Cette annonce,\",\"breadcrumb\":{\"@id\":\"https:\/\/blog.smoking.fr\/de-nouveaux-espaces-publics-interdits-aux-fumeurs-des-juillet-2025\/#breadcrumb\"},\"inLanguage\":\"fr-FR\",\"potentialAction\":[{\"@type\":\"ReadAction\",\"target\":[\"https:\/\/blog.smoking.fr\/de-nouveaux-espaces-publics-interdits-aux-fumeurs-des-juillet-2025\/\"]}]},{\"@type\":\"ImageObject\",\"inLanguage\":\"fr-FR\",\"@id\":\"https:\/\/blog.smoking.fr\/de-nouveaux-espaces-publics-interdits-aux-fumeurs-des-juillet-2025\/#primaryimage\",\"url\":\"https:\/\/cdn.blog.smoking.fr\/wp-content\/uploads\/2025\/06\/Interdiciton-fumer-juillet-2025_02.jpg\",\"contentUrl\":\"https:\/\/cdn.blog.smoking.fr\/wp-content\/uploads\/2025\/06\/Interdiciton-fumer-juillet-2025_02.jpg\",\"width\":1200,\"height\":800},{\"@type\":\"BreadcrumbList\",\"@id\":\"https:\/\/blog.smoking.fr\/de-nouveaux-espaces-publics-interdits-aux-fumeurs-des-juillet-2025\/#breadcrumb\",\"itemListElement\":[{\"@type\":\"ListItem\",\"position\":1,\"name\":\"Home\",\"item\":\"https:\/\/blog.smoking.fr\/\"},{\"@type\":\"ListItem\",\"position\":2,\"name\":\"De nouveaux espaces publics interdits aux fumeurs d\u00e8s juillet 2025\"}]},{\"@type\":\"WebSite\",\"@id\":\"https:\/\/blog.smoking.fr\/#website\",\"url\":\"https:\/\/blog.smoking.fr\/\",\"name\":\"Blog smoking.fr\",\"description\":\"Blog smoking.fr\",\"publisher\":{\"@id\":\"https:\/\/blog.smoking.fr\/#organization\"},\"potentialAction\":[{\"@type\":\"SearchAction\",\"target\":{\"@type\":\"EntryPoint\",\"urlTemplate\":\"https:\/\/blog.smoking.fr\/?s={search_term_string}\"},\"query-input\":{\"@type\":\"PropertyValueSpecification\",\"valueRequired\":true,\"valueName\":\"search_term_string\"}}],\"inLanguage\":\"fr-FR\"},{\"@type\":\"Organization\",\"@id\":\"https:\/\/blog.smoking.fr\/#organization\",\"name\":\"Blog Smoking.fr\",\"url\":\"https:\/\/blog.smoking.fr\/\",\"logo\":{\"@type\":\"ImageObject\",\"inLanguage\":\"fr-FR\",\"@id\":\"https:\/\/blog.smoking.fr\/#\/schema\/logo\/image\/\",\"url\":\"https:\/\/cdn.blog.smoking.fr\/wp-content\/uploads\/2021\/03\/cropped-Logo_Le-Blog-1.png\",\"contentUrl\":\"https:\/\/cdn.blog.smoking.fr\/wp-content\/uploads\/2021\/03\/cropped-Logo_Le-Blog-1.png\",\"width\":149,\"height\":70,\"caption\":\"Blog Smoking.fr\"},\"image\":{\"@id\":\"https:\/\/blog.smoking.fr\/#\/schema\/logo\/image\/\"}},{\"@type\":\"Person\",\"@id\":\"https:\/\/blog.smoking.fr\/#\/schema\/person\/66f05f6c494f2aa18471a27e3851e747\",\"name\":\"smoking\",\"image\":{\"@type\":\"ImageObject\",\"inLanguage\":\"fr-FR\",\"@id\":\"https:\/\/blog.smoking.fr\/#\/schema\/person\/image\/\",\"url\":\"https:\/\/secure.gravatar.com\/avatar\/68ca6f1d7f2bc912ac04391fee35b378fad8d6526444f2a576a3593c5b1ddb26?s=96&d=mm&r=g\",\"contentUrl\":\"https:\/\/secure.gravatar.com\/avatar\/68ca6f1d7f2bc912ac04391fee35b378fad8d6526444f2a576a3593c5b1ddb26?s=96&d=mm&r=g\",\"caption\":\"smoking\"},\"sameAs\":[\"https:\/\/blog.smoking.fr\"]}]}<\/script>\n<!-- \/ Yoast SEO plugin. -->","yoast_head_json":{"title":"De nouveaux espaces publics interdits aux fumeurs d\u00e8s juillet 2025 - Blog smoking.fr","description":"D\u00e8s le 1er juillet 2025, le gouvernement \u00e9tend l\u2019interdiction de fumer \u00e0 plusieurs lieux publics en plein air fr\u00e9quent\u00e9s par des enfants. Cette annonce,","robots":{"index":"index","follow":"follow","max-snippet":"max-snippet:-1","max-image-preview":"max-image-preview:large","max-video-preview":"max-video-preview:-1"},"canonical":"https:\/\/blog.smoking.fr\/de-nouveaux-espaces-publics-interdits-aux-fumeurs-des-juillet-2025\/","og_locale":"fr_FR","og_type":"article","og_title":"De nouveaux espaces publics interdits aux fumeurs d\u00e8s juillet 2025 - Blog smoking.fr","og_description":"D\u00e8s le 1er juillet 2025, le gouvernement \u00e9tend l\u2019interdiction de fumer \u00e0 plusieurs lieux publics en plein air fr\u00e9quent\u00e9s par des enfants. Cette annonce,","og_url":"https:\/\/blog.smoking.fr\/de-nouveaux-espaces-publics-interdits-aux-fumeurs-des-juillet-2025\/","og_site_name":"Blog smoking.fr","article_published_time":"2025-06-03T09:37:54+00:00","og_image":[{"width":1200,"height":800,"url":"https:\/\/cdn.blog.smoking.fr\/wp-content\/uploads\/2025\/06\/Interdiciton-fumer-juillet-2025_02.jpg","type":"image\/jpeg"}],"author":"smoking","twitter_card":"summary_large_image","twitter_misc":{"\u00c9crit par":"smoking","Dur\u00e9e de lecture estim\u00e9e":"4 minutes"},"schema":{"@context":"https:\/\/schema.org","@graph":[{"@type":"Article","@id":"https:\/\/blog.smoking.fr\/de-nouveaux-espaces-publics-interdits-aux-fumeurs-des-juillet-2025\/#article","isPartOf":{"@id":"https:\/\/blog.smoking.fr\/de-nouveaux-espaces-publics-interdits-aux-fumeurs-des-juillet-2025\/"},"author":{"name":"smoking","@id":"https:\/\/blog.smoking.fr\/#\/schema\/person\/66f05f6c494f2aa18471a27e3851e747"},"headline":"De nouveaux espaces publics interdits aux fumeurs d\u00e8s juillet 2025","datePublished":"2025-06-03T09:37:54+00:00","mainEntityOfPage":{"@id":"https:\/\/blog.smoking.fr\/de-nouveaux-espaces-publics-interdits-aux-fumeurs-des-juillet-2025\/"},"wordCount":806,"publisher":{"@id":"https:\/\/blog.smoking.fr\/#organization"},"image":{"@id":"https:\/\/blog.smoking.fr\/de-nouveaux-espaces-publics-interdits-aux-fumeurs-des-juillet-2025\/#primaryimage"},"thumbnailUrl":"https:\/\/cdn.blog.smoking.fr\/wp-content\/uploads\/2025\/06\/Interdiciton-fumer-juillet-2025_02.jpg","articleSection":["Actus &amp; Interviews"],"inLanguage":"fr-FR"},{"@type":"WebPage","@id":"https:\/\/blog.smoking.fr\/de-nouveaux-espaces-publics-interdits-aux-fumeurs-des-juillet-2025\/","url":"https:\/\/blog.smoking.fr\/de-nouveaux-espaces-publics-interdits-aux-fumeurs-des-juillet-2025\/","name":"De nouveaux espaces publics interdits aux fumeurs d\u00e8s juillet 2025 - Blog smoking.fr","isPartOf":{"@id":"https:\/\/blog.smoking.fr\/#website"},"primaryImageOfPage":{"@id":"https:\/\/blog.smoking.fr\/de-nouveaux-espaces-publics-interdits-aux-fumeurs-des-juillet-2025\/#primaryimage"},"image":{"@id":"https:\/\/blog.smoking.fr\/de-nouveaux-espaces-publics-interdits-aux-fumeurs-des-juillet-2025\/#primaryimage"},"thumbnailUrl":"https:\/\/cdn.blog.smoking.fr\/wp-content\/uploads\/2025\/06\/Interdiciton-fumer-juillet-2025_02.jpg","datePublished":"2025-06-03T09:37:54+00:00","description":"D\u00e8s le 1er juillet 2025, le gouvernement \u00e9tend l\u2019interdiction de fumer \u00e0 plusieurs lieux publics en plein air fr\u00e9quent\u00e9s par des enfants. Cette annonce,","breadcrumb":{"@id":"https:\/\/blog.smoking.fr\/de-nouveaux-espaces-publics-interdits-aux-fumeurs-des-juillet-2025\/#breadcrumb"},"inLanguage":"fr-FR","potentialAction":[{"@type":"ReadAction","target":["https:\/\/blog.smoking.fr\/de-nouveaux-espaces-publics-interdits-aux-fumeurs-des-juillet-2025\/"]}]},{"@type":"ImageObject","inLanguage":"fr-FR","@id":"https:\/\/blog.smoking.fr\/de-nouveaux-espaces-publics-interdits-aux-fumeurs-des-juillet-2025\/#primaryimage","url":"https:\/\/cdn.blog.smoking.fr\/wp-content\/uploads\/2025\/06\/Interdiciton-fumer-juillet-2025_02.jpg","contentUrl":"https:\/\/cdn.blog.smoking.fr\/wp-content\/uploads\/2025\/06\/Interdiciton-fumer-juillet-2025_02.jpg","width":1200,"height":800},{"@type":"BreadcrumbList","@id":"https:\/\/blog.smoking.fr\/de-nouveaux-espaces-publics-interdits-aux-fumeurs-des-juillet-2025\/#breadcrumb","itemListElement":[{"@type":"ListItem","position":1,"name":"Home","item":"https:\/\/blog.smoking.fr\/"},{"@type":"ListItem","position":2,"name":"De nouveaux espaces publics interdits aux fumeurs d\u00e8s juillet 2025"}]},{"@type":"WebSite","@id":"https:\/\/blog.smoking.fr\/#website","url":"https:\/\/blog.smoking.fr\/","name":"Blog smoking.fr","description":"Blog smoking.fr","publisher":{"@id":"https:\/\/blog.smoking.fr\/#organization"},"potentialAction":[{"@type":"SearchAction","target":{"@type":"EntryPoint","urlTemplate":"https:\/\/blog.smoking.fr\/?s={search_term_string}"},"query-input":{"@type":"PropertyValueSpecification","valueRequired":true,"valueName":"search_term_string"}}],"inLanguage":"fr-FR"},{"@type":"Organization","@id":"https:\/\/blog.smoking.fr\/#organization","name":"Blog Smoking.fr","url":"https:\/\/blog.smoking.fr\/","logo":{"@type":"ImageObject","inLanguage":"fr-FR","@id":"https:\/\/blog.smoking.fr\/#\/schema\/logo\/image\/","url":"https:\/\/cdn.blog.smoking.fr\/wp-content\/uploads\/2021\/03\/cropped-Logo_Le-Blog-1.png","contentUrl":"https:\/\/cdn.blog.smoking.fr\/wp-content\/uploads\/2021\/03\/cropped-Logo_Le-Blog-1.png","width":149,"height":70,"caption":"Blog Smoking.fr"},"image":{"@id":"https:\/\/blog.smoking.fr\/#\/schema\/logo\/image\/"}},{"@type":"Person","@id":"https:\/\/blog.smoking.fr\/#\/schema\/person\/66f05f6c494f2aa18471a27e3851e747","name":"smoking","image":{"@type":"ImageObject","inLanguage":"fr-FR","@id":"https:\/\/blog.smoking.fr\/#\/schema\/person\/image\/","url":"https:\/\/secure.gravatar.com\/avatar\/68ca6f1d7f2bc912ac04391fee35b378fad8d6526444f2a576a3593c5b1ddb26?s=96&d=mm&r=g","contentUrl":"https:\/\/secure.gravatar.com\/avatar\/68ca6f1d7f2bc912ac04391fee35b378fad8d6526444f2a576a3593c5b1ddb26?s=96&d=mm&r=g","caption":"smoking"},"sameAs":["https:\/\/blog.smoking.fr"]}]}},"_links":{"self":[{"href":"https:\/\/blog.smoking.fr\/wp-json\/wp\/v2\/posts\/2939","targetHints":{"allow":["GET"]}}],"collection":[{"href":"https:\/\/blog.smoking.fr\/wp-json\/wp\/v2\/posts"}],"about":[{"href":"https:\/\/blog.smoking.fr\/wp-json\/wp\/v2\/types\/post"}],"author":[{"embeddable":true,"href":"https:\/\/blog.smoking.fr\/wp-json\/wp\/v2\/users\/1"}],"replies":[{"embeddable":true,"href":"https:\/\/blog.smoking.fr\/wp-json\/wp\/v2\/comments?post=2939"}],"version-history":[{"count":1,"href":"https:\/\/blog.smoking.fr\/wp-json\/wp\/v2\/posts\/2939\/revisions"}],"predecessor-version":[{"id":2942,"href":"https:\/\/blog.smoking.fr\/wp-json\/wp\/v2\/posts\/2939\/revisions\/2942"}],"wp:featuredmedia":[{"embeddable":true,"href":"https:\/\/blog.smoking.fr\/wp-json\/wp\/v2\/media\/2941"}],"wp:attachment":[{"href":"https:\/\/blog.smoking.fr\/wp-json\/wp\/v2\/media?parent=2939"}],"wp:term":[{"taxonomy":"category","embeddable":true,"href":"https:\/\/blog.smoking.fr\/wp-json\/wp\/v2\/categories?post=2939"},{"taxonomy":"post_tag","embeddable":true,"href":"https:\/\/blog.smoking.fr\/wp-json\/wp\/v2\/tags?post=2939"}],"curies":[{"name":"wp","href":"https:\/\/api.w.org\/{rel}","templated":true}]}}