{"id":2928,"date":"2025-05-21T15:54:48","date_gmt":"2025-05-21T13:54:48","guid":{"rendered":"https:\/\/blog.smoking.fr\/?p=2928"},"modified":"2025-05-21T15:54:48","modified_gmt":"2025-05-21T13:54:48","slug":"vcf-fait-lacquisition-des-fines-lames","status":"publish","type":"post","link":"https:\/\/blog.smoking.fr\/vcf-fait-lacquisition-des-fines-lames\/","title":{"rendered":"VCF fait l&rsquo;acquisition des Fines Lames"},"content":{"rendered":"<p>Au printemps 2025, le groupe Vandermarliere Cigar Family (VCF), connu pour la marque Oliva et propri\u00e9taire notamment de La Aurora, a finalis\u00e9 le rachat de la maison fran\u00e7aise Les Fines Lames. Cette op\u00e9ration fait suite \u00e0 un premier investissement de VCF annonc\u00e9 lors du salon PCA de juillet 2023 : \u00e0 l\u2019\u00e9poque, VCF avait acquis 30 % du capital via sa filiale luxembourgeoise Fumoir de Luxe SARL. Le 30 avril 2025, VCF a \u00ab rachet\u00e9 la totalit\u00e9 des parts des Fines Lames \u00bb encore d\u00e9tenues par les fondateurs Pierre Jourdan et Pablo Rodet. Ce contexte illustre la volont\u00e9 du groupe Oliva\/VCF de renforcer sa pr\u00e9sence dans l\u2019univers des accessoires pour cigares, sur un march\u00e9 porteur o\u00f9 l\u2019artisanat de luxe occupe une place croissante. Comme l\u2019indique Cigars Connect, cette acquisition devrait permettre \u00e0 Les Fines Lames \u00ab de poursuivre son expansion internationale et de b\u00e9n\u00e9ficier de synergies avec VCF \u00bb, soulignant d\u2019entr\u00e9e de jeu les objectifs strat\u00e9giques de d\u00e9veloppement global partag\u00e9s par les deux entit\u00e9s.<\/p>\n<div id=\"ez-toc-container\" class=\"ez-toc-v2_0_80 counter-hierarchy ez-toc-counter ez-toc-grey ez-toc-container-direction\">\n<div class=\"ez-toc-title-container\"><p class=\"ez-toc-title\" style=\"cursor:inherit\">Contenus de la page :<\/p>\n<\/div><nav><ul class='ez-toc-list ez-toc-list-level-1 ' ><li class='ez-toc-page-1 ez-toc-heading-level-2'><a class=\"ez-toc-link ez-toc-heading-1\" href=\"https:\/\/blog.smoking.fr\/vcf-fait-lacquisition-des-fines-lames\/#Le_groupe_VCF\" >Le groupe VCF<\/a><\/li><li class='ez-toc-page-1 ez-toc-heading-level-2'><a class=\"ez-toc-link ez-toc-heading-2\" href=\"https:\/\/blog.smoking.fr\/vcf-fait-lacquisition-des-fines-lames\/#Les_Fines_Lames_marque_francaise_daccessoires\" >Les Fines Lames, marque fran\u00e7aise d\u2019accessoires<\/a><\/li><li class='ez-toc-page-1 ez-toc-heading-level-2'><a class=\"ez-toc-link ez-toc-heading-3\" href=\"https:\/\/blog.smoking.fr\/vcf-fait-lacquisition-des-fines-lames\/#Raisons_strategiques_de_lacquisition\" >Raisons strat\u00e9giques de l\u2019acquisition<\/a><\/li><li class='ez-toc-page-1 ez-toc-heading-level-2'><a class=\"ez-toc-link ez-toc-heading-4\" href=\"https:\/\/blog.smoking.fr\/vcf-fait-lacquisition-des-fines-lames\/#Consequences_strategiques_pour_VCF_et_Les_Fines_Lames\" >Cons\u00e9quences strat\u00e9giques pour VCF et Les Fines Lames<\/a><\/li><li class='ez-toc-page-1 ez-toc-heading-level-2'><a class=\"ez-toc-link ez-toc-heading-5\" href=\"https:\/\/blog.smoking.fr\/vcf-fait-lacquisition-des-fines-lames\/#Perspectives_pour_le_secteur_des_accessoires_de_cigares\" >Perspectives pour le secteur des accessoires de cigares<\/a><\/li><\/ul><\/nav><\/div>\n<h2><span class=\"ez-toc-section\" id=\"Le_groupe_VCF\"><\/span>Le groupe VCF<span class=\"ez-toc-section-end\"><\/span><\/h2>\n<p>Le VCF (Vandermarliere Family of Cigars) est un groupe cigare belge qui s\u2019est fait conna\u00eetre mondialement en 2016 lors du rachat de la prestigieuse marque nicaraguayenne Oliva Cigar Company. Jusqu\u2019alors connue sous le nom de J. Cort\u00e8s, l\u2019entreprise familiale fond\u00e9e en Belgique au d\u00e9but du XX\u1d49 si\u00e8cle est dirig\u00e9e par Frederik Vandermarliere, petit-fils du fondateur. Sous sa houlette, VCF a consid\u00e9rablement \u00e9largi son portefeuille : outre Oliva, on lui doit des marques comme J. Cort\u00e8s et La Aurora, et il poss\u00e8de une forte capacit\u00e9 de production et de distribution internationale. Par exemple, Oliva fabrique aujourd\u2019hui plusieurs dizaines de millions de cigares par an au Nicaragua, avec une usine ultramoderne ouverte en 2021.<\/p>\n<p>Sur le plan strat\u00e9gique, VCF a adopt\u00e9 une d\u00e9marche de diversification dans l\u2019univers du cigare premium. Apr\u00e8s avoir redynamis\u00e9 Oliva, le groupe investit dans des entreprises connexes. L\u2019entr\u00e9e au capital de Les Fines Lames en 2023 s\u2019inscrit dans cette logique : VCF ne se contente pas de commercialiser ses propres cigares, mais souhaite int\u00e9grer des accessoires haut de gamme. Ce mouvement est soutenu par la puissance de sa filiale Oliva Cigar Company aux \u00c9tats-Unis, qui b\u00e9n\u00e9ficie d\u2019un r\u00e9seau de distribution \u00e9tendu aupr\u00e8s des d\u00e9taillants. Dans la communication du groupe, le rachat complet des Fines Lames apporte au catalogue VCF une marque d\u2019accessoires de prestige \u00ab made in France \u00bb, en coh\u00e9rence avec l\u2019image de qualit\u00e9 qu\u2019il cultive. Comme l\u2019explique Olivier de Villiers, expert du cigare, \u00ab le groupe Oliva poursuit ainsi sa strat\u00e9gie de devenir un acteur incontournable du cigare premium, du tabac jusqu\u2019aux accessoires \u00bb (interview publi\u00e9e dans Cigars Connect).<\/p>\n<h2><span class=\"ez-toc-section\" id=\"Les_Fines_Lames_marque_francaise_daccessoires\"><\/span>Les Fines Lames, marque fran\u00e7aise d\u2019accessoires<span class=\"ez-toc-section-end\"><\/span><\/h2>\n<p>Fond\u00e9e en 2015 \u00e0 Marseille par Pierre Jourdan et Pablo Rodet, Les Fines Lames s\u2019est impos\u00e9e comme une marque d\u2019accessoires pour fumeurs de cigare haut de gamme. Le concept original de la marque est de proposer des objets \u00e9l\u00e9gants et techniques inspir\u00e9s de la tradition couteli\u00e8re fran\u00e7aise. Les fondateurs sont issus du monde de la gastronomie (leurs patronymes \u00e9voquent le couteau), et ils ont voulu transposer cet h\u00e9ritage artisanal dans l\u2019univers du cigare. Le succ\u00e8s est venu notamment de la qualit\u00e9 de fabrication : leurs couteaux coupe-cigare (d\u00e9nomm\u00e9s par exemple Le Petit Cigar Knife) sont enti\u00e8rement fabriqu\u00e9s en France avec des mat\u00e9riaux nobles. La presse sp\u00e9cialis\u00e9e note que Les Fines Lames est \u00ab devenue c\u00e9l\u00e8bre gr\u00e2ce \u00e0 ses couteaux coupe-cigare made in France \u00bb, qui incarnent \u00e0 la fois l\u2019esth\u00e9tique moderne et la tradition couteli\u00e8re.<\/p>\n<p>La gamme s\u2019est \u00e9largie ensuite \u00e0 d\u2019autres accessoires : on trouve par exemple un bracelet-crampon (\u00ab Punch Bracelet \u00bb) qui int\u00e8gre un poin\u00e7on \u00e0 cigare, ou plus r\u00e9cemment des briquets au design original. La jeune marque est rest\u00e9e fid\u00e8le \u00e0 son identit\u00e9 de niche : elle vise une client\u00e8le de connaisseurs, avec une communication soign\u00e9e et souvent humoristique (chaque nouveau produit est baptis\u00e9 de fa\u00e7on d\u00e9cal\u00e9e, dans l\u2019esprit du couteau de poche fran\u00e7ais). En quelques ann\u00e9es, Les Fines Lames a su se positionner comme une r\u00e9f\u00e9rence pour les amateurs cherchant des accessoires alliant luxe et originalit\u00e9.<\/p>\n<h2><span class=\"ez-toc-section\" id=\"Raisons_strategiques_de_lacquisition\"><\/span>Raisons strat\u00e9giques de l\u2019acquisition<span class=\"ez-toc-section-end\"><\/span><\/h2>\n<p>Plusieurs raisons expliquent pourquoi VCF a choisi de prendre le contr\u00f4le complet de Les Fines Lames. D\u2019une part, la synergie avec la distribution \u00e9tait \u00e9vidente : depuis septembre 2023, Oliva Cigar Company distribue d\u00e9j\u00e0 les produits Les Fines Lames sur le march\u00e9 am\u00e9ricain. Ce partenariat commercial ayant fait ses preuves, VCF a probablement estim\u00e9 qu\u2019une int\u00e9gration \u00e0 100 % faciliterait la coordination des ventes internationales. En capitalisant sur son r\u00e9seau mondial, VCF permettrait ainsi \u00e0 Les Fines Lames d\u2019accro\u00eetre sa visibilit\u00e9 hors d\u2019Europe et de monter en puissance sur des march\u00e9s comme les \u00c9tats-Unis, l\u2019Asie ou l\u2019Am\u00e9rique latine. Comme le soulignait Cigars Connect, cette prise de contr\u00f4le doit \u00ab poursuivre [l\u2019] expansion internationale [de la marque] et b\u00e9n\u00e9ficier de synergies avec VCF \u00bb.<\/p>\n<p>D\u2019autre part, il s\u2019agit d\u2019un renforcement financier et organisationnel. Passer de 30 % \u00e0 100 % du capital apporte aux fondateurs le \u00ab soutien strat\u00e9gique \u00bb et l\u2019\u00ab assise financi\u00e8re solide \u00bb n\u00e9cessaires pour d\u00e9velopper de nouveaux projets. Dans l\u2019industrie du cigare et de ses accessoires, l\u2019investissement continu en R&amp;D et en production est crucial. Les Fines Lames pourra d\u00e9sormais compter sur les moyens logistiques du groupe Vandermarliere, comme l\u2019acc\u00e8s \u00e0 des circuits d\u2019approvisionnement plus efficaces (gr\u00e2ce au groupe belge) et \u00e0 des installations de stockage ou de vente plus vastes. Du point de vue marketing, l\u2019association avec Oliva\/LVAfF (Oliva Group) renforce l\u2019image de marque. Le rachat complet \u00e9limine par ailleurs les risques d\u2019objectifs divergents entre actionnaires et assure une vision unifi\u00e9e. Les fondateurs insistent d\u2019ailleurs sur le fait que, malgr\u00e9 ce rapprochement, la marque restera \u00ab neutre \u00bb (non li\u00e9e exclusivement \u00e0 Oliva) et que toute l\u2019activit\u00e9 restera bas\u00e9e \u00e0 Marseille, pilot\u00e9e par l\u2019\u00e9quipe historique. Ce dernier point vise \u00e0 rassurer les puristes : la gestion quotidienne et la fabrication ne changeront pas radicalement, ce qui \u00e9vitera de heurter la client\u00e8le fid\u00e8le.<\/p>\n<p>Pour VCF, les motivations comprennent \u00e9galement la diversification de l\u2019offre. En acqu\u00e9rant une marque d\u2019accessoires, le groupe Oliva enrichit son portefeuille au-del\u00e0 du cigare. Les accessoires constituent un segment porteur : les amateurs de cigares haut de gamme investissent volontiers dans des coupe-cigares, briquets ou \u00e9tuis de qualit\u00e9. Int\u00e9grer Les Fines Lames permet de proposer un \u00ab one-stop-shop \u00bb \u00e0 forte valeur ajout\u00e9e, ce qui peut renforcer la position d\u2019Oliva sur le march\u00e9 premium. Dans sa strat\u00e9gie de croissance, Frederik Vandermarliere a expliqu\u00e9 auparavant qu\u2019il est important de soutenir les jeunes entreprises innovantes dans cette industrie traditionnelle : le rachat marque ainsi l\u2019aboutissement logique d\u2019une relation n\u00e9e en 2023, qui valorise l\u2019innovation et le \u00ab vent de fra\u00eecheur \u00bb que Les Fines Lames apporte au secteur.<\/p>\n<p><img loading=\"lazy\" decoding=\"async\" class=\"size-full wp-image-2929 aligncenter\" src=\"https:\/\/cdn.blog.smoking.fr\/wp-content\/uploads\/2025\/05\/Les-fies-lames-VCF_01.jpg\" alt=\"\" width=\"1200\" height=\"800\" srcset=\"https:\/\/cdn.blog.smoking.fr\/wp-content\/uploads\/2025\/05\/Les-fies-lames-VCF_01.jpg 1200w, https:\/\/cdn.blog.smoking.fr\/wp-content\/uploads\/2025\/05\/Les-fies-lames-VCF_01-300x200.jpg 300w, https:\/\/cdn.blog.smoking.fr\/wp-content\/uploads\/2025\/05\/Les-fies-lames-VCF_01-1024x683.jpg 1024w, https:\/\/cdn.blog.smoking.fr\/wp-content\/uploads\/2025\/05\/Les-fies-lames-VCF_01-768x512.jpg 768w, https:\/\/cdn.blog.smoking.fr\/wp-content\/uploads\/2025\/05\/Les-fies-lames-VCF_01-90x60.jpg 90w\" sizes=\"auto, (max-width: 1200px) 100vw, 1200px\" \/><\/p>\n<h2><span class=\"ez-toc-section\" id=\"Consequences_strategiques_pour_VCF_et_Les_Fines_Lames\"><\/span>Cons\u00e9quences strat\u00e9giques pour VCF et Les Fines Lames<span class=\"ez-toc-section-end\"><\/span><\/h2>\n<p>Du c\u00f4t\u00e9 de VCF (Oliva), cette acquisition \u00e9largit le champ d\u2019action de son groupe. Le portefeuille de produits li\u00e9s au cigare se renforce avec des articles de forte marge et \u00e0 forte image de marque. \u00c0 terme, VCF pourra int\u00e9grer ces accessoires dans ses op\u00e9rations globales (packagings combin\u00e9s, promotions crois\u00e9es, clubs de membres, etc.). Le groupe dispose d\u00e9sormais d\u2019une nouvelle ligne de revenus non n\u00e9gligeable : chaque couteau, briquet ou \u00e9tui vendu renforce la relation client avec les fumeurs d\u2019Oliva et d\u2019autres marques du groupe. Sur le plan industriel, il est possible qu\u2019Oliva exploite ses propres capacit\u00e9s (et celles de l\u2019entit\u00e9 J. Cort\u00e8s NV en Belgique) pour optimiser certains volets de production ou d\u2019approvisionnement des mati\u00e8res (luxe) n\u00e9cessaires aux Fines Lames. Enfin, en acqu\u00e9rant 100 % des parts, VCF \u00e9limine toute incertitude sur la gouvernance : la strat\u00e9gie, qu\u2019elle soit commerciale ou cr\u00e9ative, peut \u00eatre men\u00e9e de mani\u00e8re coh\u00e9rente \u00e0 l\u2019\u00e9chelle du groupe. L\u2019entreprise Vandermarliere indique que le rachat est \u00ab une \u00e9tape majeure et pleinement souhait\u00e9e \u00bb, renfor\u00e7ant ainsi sa stabilit\u00e9 financi\u00e8re globale.<\/p>\n<p>Pour Les Fines Lames, le principal effet est la consolidation de sa stabilit\u00e9 et de ses ambitions. Le soutien du groupe VCF offre une \u00ab assise financi\u00e8re solide et un soutien strat\u00e9gique d\u00e9terminant \u00bb, comme le notent les documents officiels. Les fondateurs peuvent continuer \u00e0 se concentrer sur le design et la cr\u00e9ation, tandis que les nouvelles ressources leur ouvrent la voie vers de plus grands projets (par exemple le d\u00e9veloppement de nouveaux produits, l\u2019expansion vers de nouvelles cat\u00e9gories d\u2019accessoires, ou l\u2019organisation d\u2019\u00e9v\u00e9nements internationaux). Par ailleurs, b\u00e9n\u00e9ficier du r\u00e9seau de VCF ne se limite pas \u00e0 la distribution : cela inclut aussi un appui marketing et logistique qui facilite l\u2019entr\u00e9e sur des march\u00e9s jusque-l\u00e0 difficiles \u00e0 conqu\u00e9rir. L\u2019expertise commerciale d\u2019Oliva et la puissance du r\u00e9seau de revendeurs (sp\u00e9cialistes, cavistes, clubs de fumoirs) vont acc\u00e9l\u00e9rer la notori\u00e9t\u00e9 de la marque Les Fines Lames au-del\u00e0 de l\u2019Europe. Autre cons\u00e9quence positive : les cr\u00e9ateurs soulignent qu\u2019ils conserveront leur autonomie cr\u00e9ative. L\u2019acquisition ne se traduit pas par une int\u00e9gration bureaucratique. Comme le disent Vandermarliere, Jourdan et Rodet en ch\u0153ur : la marque restera \u00ab neutre \u00bb dans le paysage des accessoires, ce qui signifie qu\u2019elle continuera \u00e0 \u00eatre vendue aux revendeurs de tous horizons, pas seulement via le r\u00e9seau Oliva. En r\u00e9sum\u00e9, Les Fines Lames sort renforc\u00e9e, \u00e0 la fois solidement financ\u00e9e et lib\u00e9r\u00e9e des contraintes de tr\u00e9sorerie, tout en b\u00e9n\u00e9ficiant des atouts concrets de son nouveau partenaire.<\/p>\n<h2><span class=\"ez-toc-section\" id=\"Perspectives_pour_le_secteur_des_accessoires_de_cigares\"><\/span>Perspectives pour le secteur des accessoires de cigares<span class=\"ez-toc-section-end\"><\/span><\/h2>\n<p>Cette op\u00e9ration refl\u00e8te une tendance plus large dans l\u2019industrie du cigare premium : on observe un renforcement des liens entre fabricants de cigares et cr\u00e9ateurs d\u2019accessoires. Les alliances comme celle-ci (distribution, investissement ou acquisition) ouvrent de nouvelles perspectives pour le march\u00e9 des accessoires. D\u2019une part, cela profite aux consommateurs en proposant des offres plus compl\u00e8tes et coordonn\u00e9es : par exemple, il sera plus ais\u00e9 pour un vendeur de recommander un \u00e9l\u00e9gant coupe-cigare fran\u00e7ais Les Fines Lames en m\u00eame temps qu\u2019un cigare Oliva. D\u2019autre part, cela stimule l\u2019innovation : financ\u00e9s par les groupes de cigare, les cr\u00e9ateurs d\u2019accessoires ont les moyens de rechercher de nouveaux mat\u00e9riaux ou designs (comme on l\u2019a vu r\u00e9cemment avec Les Fines Lames qui sortent de nouveaux mod\u00e8les de briquets au design singulier).<\/p>\n<p>\u00c0 plus long terme, on peut s\u2019attendre \u00e0 une croissance renforc\u00e9e du segment des accessoires de luxe. Le march\u00e9 mondial des cigares premium est en hausse, et les accessoires suivent ce mouvement. La conjoncture r\u00e9glementaire et \u00e9conomique incitant souvent les entreprises \u00e0 innover pour s\u00e9duire les amateurs, l\u2019int\u00e9gration de marques artisanales comme Les Fines Lames dans de grands groupes peut servir de catalyseur. Concr\u00e8tement, on imagine que d\u2019autres fabricants de cigares (en Europe ou en Am\u00e9rique latine) pourraient chercher des partenariats similaires avec des designers d\u2019accessoires. De plus, l\u2019exemple de ce rachat montre que la provenance (ici : un \u00ab made in France \u00bb) et le caract\u00e8re luxueux peuvent justifier l\u2019attention des investisseurs. Cela encourage vraisemblablement les jeunes pousses du secteur : elles savent qu\u2019il existe des d\u00e9bouch\u00e9s solides si leur niche d\u2019accessoires rencontre le succ\u00e8s. Enfin, cette transaction confirme que le cigare moderne est envisag\u00e9 comme un \u00e9cosyst\u00e8me global, du cigare lui-m\u00eame aux accessoires qui l\u2019accompagnent, et non plus comme un achat de consommation isol\u00e9. Le secteur devrait donc continuer \u00e0 voir se multiplier les synergies entre marques de cigares et marques d\u2019accessoires, au b\u00e9n\u00e9fice d\u2019une offre toujours plus qualitative et coh\u00e9rente pour les amateurs.<\/p>\n","protected":false},"excerpt":{"rendered":"<p>Au printemps 2025, le groupe Vandermarliere Cigar Family (VCF), connu pour la marque Oliva et propri\u00e9taire notamment de La Aurora, a finalis\u00e9 le rachat de la maison fran\u00e7aise Les Fines Lames. Cette op\u00e9ration fait suite \u00e0 un premier investissement de VCF annonc\u00e9 lors du salon PCA de juillet 2023 : \u00e0 l\u2019\u00e9poque, VCF avait acquis 30 % du capital via sa filiale luxembourgeoise Fumoir de Luxe SARL. Le 30 avril 2025, VCF a \u00ab rachet\u00e9 la totalit\u00e9 des parts des &hellip; <\/p>\n","protected":false},"author":1,"featured_media":2930,"comment_status":"closed","ping_status":"closed","sticky":false,"template":"","format":"standard","meta":{"footnotes":""},"categories":[6],"tags":[],"class_list":["post-2928","post","type-post","status-publish","format-standard","has-post-thumbnail","hentry","category-actus-interviews"],"yoast_head":"<!-- This site is optimized with the Yoast SEO plugin v26.9 - https:\/\/yoast.com\/product\/yoast-seo-wordpress\/ -->\n<title>VCF fait l&#039;acquisition des Fines Lames - Blog smoking.fr<\/title>\n<meta name=\"description\" content=\"Au printemps 2025, le groupe Vandermarliere Cigar Family (VCF), connu pour la marque Oliva et propri\u00e9taire notamment de La Aurora, a finalis\u00e9 le rachat de\" \/>\n<meta name=\"robots\" content=\"index, follow, max-snippet:-1, max-image-preview:large, max-video-preview:-1\" \/>\n<link rel=\"canonical\" href=\"https:\/\/blog.smoking.fr\/vcf-fait-lacquisition-des-fines-lames\/\" \/>\n<meta property=\"og:locale\" content=\"fr_FR\" \/>\n<meta property=\"og:type\" content=\"article\" \/>\n<meta property=\"og:title\" content=\"VCF fait l&#039;acquisition des Fines Lames - Blog smoking.fr\" \/>\n<meta property=\"og:description\" content=\"Au printemps 2025, le groupe Vandermarliere Cigar Family (VCF), connu pour la marque Oliva et propri\u00e9taire notamment de La Aurora, a finalis\u00e9 le rachat de\" \/>\n<meta property=\"og:url\" content=\"https:\/\/blog.smoking.fr\/vcf-fait-lacquisition-des-fines-lames\/\" \/>\n<meta property=\"og:site_name\" content=\"Blog smoking.fr\" \/>\n<meta property=\"article:published_time\" content=\"2025-05-21T13:54:48+00:00\" \/>\n<meta property=\"og:image\" content=\"https:\/\/cdn.blog.smoking.fr\/wp-content\/uploads\/2025\/05\/Les-Fines-Lames-VCF_02.jpg\" \/>\n\t<meta property=\"og:image:width\" content=\"1200\" \/>\n\t<meta property=\"og:image:height\" content=\"800\" \/>\n\t<meta property=\"og:image:type\" content=\"image\/jpeg\" \/>\n<meta name=\"author\" content=\"smoking\" \/>\n<meta name=\"twitter:card\" content=\"summary_large_image\" \/>\n<meta name=\"twitter:label1\" content=\"\u00c9crit par\" \/>\n\t<meta name=\"twitter:data1\" content=\"smoking\" \/>\n\t<meta name=\"twitter:label2\" content=\"Dur\u00e9e de lecture estim\u00e9e\" \/>\n\t<meta name=\"twitter:data2\" content=\"10 minutes\" \/>\n<script type=\"application\/ld+json\" class=\"yoast-schema-graph\">{\"@context\":\"https:\/\/schema.org\",\"@graph\":[{\"@type\":\"Article\",\"@id\":\"https:\/\/blog.smoking.fr\/vcf-fait-lacquisition-des-fines-lames\/#article\",\"isPartOf\":{\"@id\":\"https:\/\/blog.smoking.fr\/vcf-fait-lacquisition-des-fines-lames\/\"},\"author\":{\"name\":\"smoking\",\"@id\":\"https:\/\/blog.smoking.fr\/#\/schema\/person\/66f05f6c494f2aa18471a27e3851e747\"},\"headline\":\"VCF fait l&rsquo;acquisition des Fines Lames\",\"datePublished\":\"2025-05-21T13:54:48+00:00\",\"mainEntityOfPage\":{\"@id\":\"https:\/\/blog.smoking.fr\/vcf-fait-lacquisition-des-fines-lames\/\"},\"wordCount\":2035,\"publisher\":{\"@id\":\"https:\/\/blog.smoking.fr\/#organization\"},\"image\":{\"@id\":\"https:\/\/blog.smoking.fr\/vcf-fait-lacquisition-des-fines-lames\/#primaryimage\"},\"thumbnailUrl\":\"https:\/\/cdn.blog.smoking.fr\/wp-content\/uploads\/2025\/05\/Les-Fines-Lames-VCF_02.jpg\",\"articleSection\":[\"Actus &amp; Interviews\"],\"inLanguage\":\"fr-FR\"},{\"@type\":\"WebPage\",\"@id\":\"https:\/\/blog.smoking.fr\/vcf-fait-lacquisition-des-fines-lames\/\",\"url\":\"https:\/\/blog.smoking.fr\/vcf-fait-lacquisition-des-fines-lames\/\",\"name\":\"VCF fait l'acquisition des Fines Lames - Blog smoking.fr\",\"isPartOf\":{\"@id\":\"https:\/\/blog.smoking.fr\/#website\"},\"primaryImageOfPage\":{\"@id\":\"https:\/\/blog.smoking.fr\/vcf-fait-lacquisition-des-fines-lames\/#primaryimage\"},\"image\":{\"@id\":\"https:\/\/blog.smoking.fr\/vcf-fait-lacquisition-des-fines-lames\/#primaryimage\"},\"thumbnailUrl\":\"https:\/\/cdn.blog.smoking.fr\/wp-content\/uploads\/2025\/05\/Les-Fines-Lames-VCF_02.jpg\",\"datePublished\":\"2025-05-21T13:54:48+00:00\",\"description\":\"Au printemps 2025, le groupe Vandermarliere Cigar Family (VCF), connu pour la marque Oliva et propri\u00e9taire notamment de La Aurora, a finalis\u00e9 le rachat de\",\"breadcrumb\":{\"@id\":\"https:\/\/blog.smoking.fr\/vcf-fait-lacquisition-des-fines-lames\/#breadcrumb\"},\"inLanguage\":\"fr-FR\",\"potentialAction\":[{\"@type\":\"ReadAction\",\"target\":[\"https:\/\/blog.smoking.fr\/vcf-fait-lacquisition-des-fines-lames\/\"]}]},{\"@type\":\"ImageObject\",\"inLanguage\":\"fr-FR\",\"@id\":\"https:\/\/blog.smoking.fr\/vcf-fait-lacquisition-des-fines-lames\/#primaryimage\",\"url\":\"https:\/\/cdn.blog.smoking.fr\/wp-content\/uploads\/2025\/05\/Les-Fines-Lames-VCF_02.jpg\",\"contentUrl\":\"https:\/\/cdn.blog.smoking.fr\/wp-content\/uploads\/2025\/05\/Les-Fines-Lames-VCF_02.jpg\",\"width\":1200,\"height\":800},{\"@type\":\"BreadcrumbList\",\"@id\":\"https:\/\/blog.smoking.fr\/vcf-fait-lacquisition-des-fines-lames\/#breadcrumb\",\"itemListElement\":[{\"@type\":\"ListItem\",\"position\":1,\"name\":\"Home\",\"item\":\"https:\/\/blog.smoking.fr\/\"},{\"@type\":\"ListItem\",\"position\":2,\"name\":\"VCF fait l&rsquo;acquisition des Fines Lames\"}]},{\"@type\":\"WebSite\",\"@id\":\"https:\/\/blog.smoking.fr\/#website\",\"url\":\"https:\/\/blog.smoking.fr\/\",\"name\":\"Blog smoking.fr\",\"description\":\"Blog smoking.fr\",\"publisher\":{\"@id\":\"https:\/\/blog.smoking.fr\/#organization\"},\"potentialAction\":[{\"@type\":\"SearchAction\",\"target\":{\"@type\":\"EntryPoint\",\"urlTemplate\":\"https:\/\/blog.smoking.fr\/?s={search_term_string}\"},\"query-input\":{\"@type\":\"PropertyValueSpecification\",\"valueRequired\":true,\"valueName\":\"search_term_string\"}}],\"inLanguage\":\"fr-FR\"},{\"@type\":\"Organization\",\"@id\":\"https:\/\/blog.smoking.fr\/#organization\",\"name\":\"Blog Smoking.fr\",\"url\":\"https:\/\/blog.smoking.fr\/\",\"logo\":{\"@type\":\"ImageObject\",\"inLanguage\":\"fr-FR\",\"@id\":\"https:\/\/blog.smoking.fr\/#\/schema\/logo\/image\/\",\"url\":\"https:\/\/cdn.blog.smoking.fr\/wp-content\/uploads\/2021\/03\/cropped-Logo_Le-Blog-1.png\",\"contentUrl\":\"https:\/\/cdn.blog.smoking.fr\/wp-content\/uploads\/2021\/03\/cropped-Logo_Le-Blog-1.png\",\"width\":149,\"height\":70,\"caption\":\"Blog Smoking.fr\"},\"image\":{\"@id\":\"https:\/\/blog.smoking.fr\/#\/schema\/logo\/image\/\"}},{\"@type\":\"Person\",\"@id\":\"https:\/\/blog.smoking.fr\/#\/schema\/person\/66f05f6c494f2aa18471a27e3851e747\",\"name\":\"smoking\",\"image\":{\"@type\":\"ImageObject\",\"inLanguage\":\"fr-FR\",\"@id\":\"https:\/\/blog.smoking.fr\/#\/schema\/person\/image\/\",\"url\":\"https:\/\/secure.gravatar.com\/avatar\/68ca6f1d7f2bc912ac04391fee35b378fad8d6526444f2a576a3593c5b1ddb26?s=96&d=mm&r=g\",\"contentUrl\":\"https:\/\/secure.gravatar.com\/avatar\/68ca6f1d7f2bc912ac04391fee35b378fad8d6526444f2a576a3593c5b1ddb26?s=96&d=mm&r=g\",\"caption\":\"smoking\"},\"sameAs\":[\"https:\/\/blog.smoking.fr\"]}]}<\/script>\n<!-- \/ Yoast SEO plugin. -->","yoast_head_json":{"title":"VCF fait l'acquisition des Fines Lames - Blog smoking.fr","description":"Au printemps 2025, le groupe Vandermarliere Cigar Family (VCF), connu pour la marque Oliva et propri\u00e9taire notamment de La Aurora, a finalis\u00e9 le rachat de","robots":{"index":"index","follow":"follow","max-snippet":"max-snippet:-1","max-image-preview":"max-image-preview:large","max-video-preview":"max-video-preview:-1"},"canonical":"https:\/\/blog.smoking.fr\/vcf-fait-lacquisition-des-fines-lames\/","og_locale":"fr_FR","og_type":"article","og_title":"VCF fait l'acquisition des Fines Lames - Blog smoking.fr","og_description":"Au printemps 2025, le groupe Vandermarliere Cigar Family (VCF), connu pour la marque Oliva et propri\u00e9taire notamment de La Aurora, a finalis\u00e9 le rachat de","og_url":"https:\/\/blog.smoking.fr\/vcf-fait-lacquisition-des-fines-lames\/","og_site_name":"Blog smoking.fr","article_published_time":"2025-05-21T13:54:48+00:00","og_image":[{"width":1200,"height":800,"url":"https:\/\/cdn.blog.smoking.fr\/wp-content\/uploads\/2025\/05\/Les-Fines-Lames-VCF_02.jpg","type":"image\/jpeg"}],"author":"smoking","twitter_card":"summary_large_image","twitter_misc":{"\u00c9crit par":"smoking","Dur\u00e9e de lecture estim\u00e9e":"10 minutes"},"schema":{"@context":"https:\/\/schema.org","@graph":[{"@type":"Article","@id":"https:\/\/blog.smoking.fr\/vcf-fait-lacquisition-des-fines-lames\/#article","isPartOf":{"@id":"https:\/\/blog.smoking.fr\/vcf-fait-lacquisition-des-fines-lames\/"},"author":{"name":"smoking","@id":"https:\/\/blog.smoking.fr\/#\/schema\/person\/66f05f6c494f2aa18471a27e3851e747"},"headline":"VCF fait l&rsquo;acquisition des Fines Lames","datePublished":"2025-05-21T13:54:48+00:00","mainEntityOfPage":{"@id":"https:\/\/blog.smoking.fr\/vcf-fait-lacquisition-des-fines-lames\/"},"wordCount":2035,"publisher":{"@id":"https:\/\/blog.smoking.fr\/#organization"},"image":{"@id":"https:\/\/blog.smoking.fr\/vcf-fait-lacquisition-des-fines-lames\/#primaryimage"},"thumbnailUrl":"https:\/\/cdn.blog.smoking.fr\/wp-content\/uploads\/2025\/05\/Les-Fines-Lames-VCF_02.jpg","articleSection":["Actus &amp; Interviews"],"inLanguage":"fr-FR"},{"@type":"WebPage","@id":"https:\/\/blog.smoking.fr\/vcf-fait-lacquisition-des-fines-lames\/","url":"https:\/\/blog.smoking.fr\/vcf-fait-lacquisition-des-fines-lames\/","name":"VCF fait l'acquisition des Fines Lames - Blog smoking.fr","isPartOf":{"@id":"https:\/\/blog.smoking.fr\/#website"},"primaryImageOfPage":{"@id":"https:\/\/blog.smoking.fr\/vcf-fait-lacquisition-des-fines-lames\/#primaryimage"},"image":{"@id":"https:\/\/blog.smoking.fr\/vcf-fait-lacquisition-des-fines-lames\/#primaryimage"},"thumbnailUrl":"https:\/\/cdn.blog.smoking.fr\/wp-content\/uploads\/2025\/05\/Les-Fines-Lames-VCF_02.jpg","datePublished":"2025-05-21T13:54:48+00:00","description":"Au printemps 2025, le groupe Vandermarliere Cigar Family (VCF), connu pour la marque Oliva et propri\u00e9taire notamment de La Aurora, a finalis\u00e9 le rachat de","breadcrumb":{"@id":"https:\/\/blog.smoking.fr\/vcf-fait-lacquisition-des-fines-lames\/#breadcrumb"},"inLanguage":"fr-FR","potentialAction":[{"@type":"ReadAction","target":["https:\/\/blog.smoking.fr\/vcf-fait-lacquisition-des-fines-lames\/"]}]},{"@type":"ImageObject","inLanguage":"fr-FR","@id":"https:\/\/blog.smoking.fr\/vcf-fait-lacquisition-des-fines-lames\/#primaryimage","url":"https:\/\/cdn.blog.smoking.fr\/wp-content\/uploads\/2025\/05\/Les-Fines-Lames-VCF_02.jpg","contentUrl":"https:\/\/cdn.blog.smoking.fr\/wp-content\/uploads\/2025\/05\/Les-Fines-Lames-VCF_02.jpg","width":1200,"height":800},{"@type":"BreadcrumbList","@id":"https:\/\/blog.smoking.fr\/vcf-fait-lacquisition-des-fines-lames\/#breadcrumb","itemListElement":[{"@type":"ListItem","position":1,"name":"Home","item":"https:\/\/blog.smoking.fr\/"},{"@type":"ListItem","position":2,"name":"VCF fait l&rsquo;acquisition des Fines Lames"}]},{"@type":"WebSite","@id":"https:\/\/blog.smoking.fr\/#website","url":"https:\/\/blog.smoking.fr\/","name":"Blog smoking.fr","description":"Blog smoking.fr","publisher":{"@id":"https:\/\/blog.smoking.fr\/#organization"},"potentialAction":[{"@type":"SearchAction","target":{"@type":"EntryPoint","urlTemplate":"https:\/\/blog.smoking.fr\/?s={search_term_string}"},"query-input":{"@type":"PropertyValueSpecification","valueRequired":true,"valueName":"search_term_string"}}],"inLanguage":"fr-FR"},{"@type":"Organization","@id":"https:\/\/blog.smoking.fr\/#organization","name":"Blog Smoking.fr","url":"https:\/\/blog.smoking.fr\/","logo":{"@type":"ImageObject","inLanguage":"fr-FR","@id":"https:\/\/blog.smoking.fr\/#\/schema\/logo\/image\/","url":"https:\/\/cdn.blog.smoking.fr\/wp-content\/uploads\/2021\/03\/cropped-Logo_Le-Blog-1.png","contentUrl":"https:\/\/cdn.blog.smoking.fr\/wp-content\/uploads\/2021\/03\/cropped-Logo_Le-Blog-1.png","width":149,"height":70,"caption":"Blog Smoking.fr"},"image":{"@id":"https:\/\/blog.smoking.fr\/#\/schema\/logo\/image\/"}},{"@type":"Person","@id":"https:\/\/blog.smoking.fr\/#\/schema\/person\/66f05f6c494f2aa18471a27e3851e747","name":"smoking","image":{"@type":"ImageObject","inLanguage":"fr-FR","@id":"https:\/\/blog.smoking.fr\/#\/schema\/person\/image\/","url":"https:\/\/secure.gravatar.com\/avatar\/68ca6f1d7f2bc912ac04391fee35b378fad8d6526444f2a576a3593c5b1ddb26?s=96&d=mm&r=g","contentUrl":"https:\/\/secure.gravatar.com\/avatar\/68ca6f1d7f2bc912ac04391fee35b378fad8d6526444f2a576a3593c5b1ddb26?s=96&d=mm&r=g","caption":"smoking"},"sameAs":["https:\/\/blog.smoking.fr"]}]}},"_links":{"self":[{"href":"https:\/\/blog.smoking.fr\/wp-json\/wp\/v2\/posts\/2928","targetHints":{"allow":["GET"]}}],"collection":[{"href":"https:\/\/blog.smoking.fr\/wp-json\/wp\/v2\/posts"}],"about":[{"href":"https:\/\/blog.smoking.fr\/wp-json\/wp\/v2\/types\/post"}],"author":[{"embeddable":true,"href":"https:\/\/blog.smoking.fr\/wp-json\/wp\/v2\/users\/1"}],"replies":[{"embeddable":true,"href":"https:\/\/blog.smoking.fr\/wp-json\/wp\/v2\/comments?post=2928"}],"version-history":[{"count":1,"href":"https:\/\/blog.smoking.fr\/wp-json\/wp\/v2\/posts\/2928\/revisions"}],"predecessor-version":[{"id":2931,"href":"https:\/\/blog.smoking.fr\/wp-json\/wp\/v2\/posts\/2928\/revisions\/2931"}],"wp:featuredmedia":[{"embeddable":true,"href":"https:\/\/blog.smoking.fr\/wp-json\/wp\/v2\/media\/2930"}],"wp:attachment":[{"href":"https:\/\/blog.smoking.fr\/wp-json\/wp\/v2\/media?parent=2928"}],"wp:term":[{"taxonomy":"category","embeddable":true,"href":"https:\/\/blog.smoking.fr\/wp-json\/wp\/v2\/categories?post=2928"},{"taxonomy":"post_tag","embeddable":true,"href":"https:\/\/blog.smoking.fr\/wp-json\/wp\/v2\/tags?post=2928"}],"curies":[{"name":"wp","href":"https:\/\/api.w.org\/{rel}","templated":true}]}}