{"id":2903,"date":"2025-05-14T14:36:34","date_gmt":"2025-05-14T12:36:34","guid":{"rendered":"https:\/\/blog.smoking.fr\/?p=2903"},"modified":"2025-05-14T14:37:59","modified_gmt":"2025-05-14T12:37:59","slug":"decouverte-du-musee-national-du-tabac-de-belgique","status":"publish","type":"post","link":"https:\/\/blog.smoking.fr\/decouverte-du-musee-national-du-tabac-de-belgique\/","title":{"rendered":"D\u00e9couverte du Mus\u00e9e National du Tabac de Belgique"},"content":{"rendered":"<p>Le Mus\u00e9e national du Tabac (Nationaal Tabaksmuseum) de Belgique est une institution culturelle situ\u00e9e \u00e0 Wervik (Wervicq en fran\u00e7ais), pr\u00e8s de la fronti\u00e8re avec la France. Install\u00e9 \u00ab pr\u00e8s d\u2019un ancien moulin \u00e0 vent et au bord de la Lys \u00bb dans le quartier de Brieken, ce mus\u00e9e unique est d\u00e9di\u00e9 \u00e0 l\u2019histoire du tabac et des usages du fumeur. La r\u00e9gion de Wervik est une \u00ab terre de culture du tabac depuis 1640 \u00bb, et plus de 95 % de la production tabacole belge y est concentr\u00e9e. C\u2019est donc en toute logique que le mus\u00e9e y a pris place, offrant au public quelque 12 000 objets li\u00e9s au tabac (bo\u00eetes, affiches, pipes, publicit\u00e9s, outils agricoles, etc.) racontant son histoire, de sa culture \u00e0 sa contrebande.<\/p>\n<div id=\"ez-toc-container\" class=\"ez-toc-v2_0_80 counter-hierarchy ez-toc-counter ez-toc-grey ez-toc-container-direction\">\n<div class=\"ez-toc-title-container\"><p class=\"ez-toc-title\" style=\"cursor:inherit\">Contenus de la page :<\/p>\n<\/div><nav><ul class='ez-toc-list ez-toc-list-level-1 ' ><li class='ez-toc-page-1 ez-toc-heading-level-2'><a class=\"ez-toc-link ez-toc-heading-1\" href=\"https:\/\/blog.smoking.fr\/decouverte-du-musee-national-du-tabac-de-belgique\/#Histoire_et_genese_du_musee\" >Histoire et gen\u00e8se du mus\u00e9e<\/a><\/li><li class='ez-toc-page-1 ez-toc-heading-level-2'><a class=\"ez-toc-link ez-toc-heading-2\" href=\"https:\/\/blog.smoking.fr\/decouverte-du-musee-national-du-tabac-de-belgique\/#Collections_et_thematiques\" >Collections et th\u00e9matiques<\/a><ul class='ez-toc-list-level-3' ><li class='ez-toc-heading-level-3'><a class=\"ez-toc-link ez-toc-heading-3\" href=\"https:\/\/blog.smoking.fr\/decouverte-du-musee-national-du-tabac-de-belgique\/#Collection_permanente\" >Collection permanente<\/a><\/li><\/ul><\/li><li class='ez-toc-page-1 ez-toc-heading-level-2'><a class=\"ez-toc-link ez-toc-heading-4\" href=\"https:\/\/blog.smoking.fr\/decouverte-du-musee-national-du-tabac-de-belgique\/#Le_lieu_et_son_architecture\" >Le lieu et son architecture<\/a><\/li><li class='ez-toc-page-1 ez-toc-heading-level-2'><a class=\"ez-toc-link ez-toc-heading-5\" href=\"https:\/\/blog.smoking.fr\/decouverte-du-musee-national-du-tabac-de-belgique\/#Le_musee_comme_patrimoine_culturel\" >Le mus\u00e9e comme patrimoine culturel<\/a><\/li><li class='ez-toc-page-1 ez-toc-heading-level-2'><a class=\"ez-toc-link ez-toc-heading-6\" href=\"https:\/\/blog.smoking.fr\/decouverte-du-musee-national-du-tabac-de-belgique\/#Expositions_permanentes_et_temporaires\" >Expositions permanentes et temporaires<\/a><\/li><\/ul><\/nav><\/div>\n<h2><span class=\"ez-toc-section\" id=\"Histoire_et_genese_du_musee\"><\/span>Histoire et gen\u00e8se du mus\u00e9e<span class=\"ez-toc-section-end\"><\/span><\/h2>\n<p>Le Mus\u00e9e du tabac a ouvert ses portes en 1987 dans les d\u00e9pendances du moulin de Brieken (XVIII\u1d49 si\u00e8cle), un \u00e9difice class\u00e9 monument historique. Cette ancienne b\u00e2tisse de meunerie a \u00e9t\u00e9 judicieusement restaur\u00e9e et compl\u00e9t\u00e9e par une aile moderne en 2003, lui donnant \u00ab un aspect tout nouveau \u00bb combinant authenticit\u00e9 et modernisme \u00e9pur\u00e9. En 2014, le parcours mus\u00e9al a fait l\u2019objet d\u2019une \u00ab m\u00e9tamorphose compl\u00e8te \u00bb \u00e0 l\u2019occasion du centenaire de la Premi\u00e8re Guerre mondiale, enrichissant l\u2019exposition permanente et ses sc\u00e9nographies. Le mus\u00e9e a \u00e9t\u00e9 imagin\u00e9 par des passionn\u00e9s du patrimoine tabacole, avec pour ambition de faire dialoguer le pass\u00e9 industriel de la r\u00e9gion avec les enjeux contemporains autour du tabac.<\/p>\n<h2><span class=\"ez-toc-section\" id=\"Collections_et_thematiques\"><\/span>Collections et th\u00e9matiques<span class=\"ez-toc-section-end\"><\/span><\/h2>\n<h3><span class=\"ez-toc-section\" id=\"Collection_permanente\"><\/span>Collection permanente<span class=\"ez-toc-section-end\"><\/span><\/h3>\n<p>La collection permanente du mus\u00e9e d\u00e9ploie plus de 2 000 objets s\u00e9lectionn\u00e9s sur une surface d\u2019exposition de 600 m\u00b2. Elle retrace de mani\u00e8re didactique \u00ab comment le tabac a conquis le monde, apr\u00e8s la d\u00e9couverte des Am\u00e9riques par Christophe Colomb en 1492 \u00bb et met en lumi\u00e8re la culture locale de Wervik, qui au XX\u1d49 si\u00e8cle est devenue \u00ab le centre de la culture du tabac en Belgique \u00bb. Les visiteurs y voient des artefacts vari\u00e9s : une reconstitution de pub fumeur du XVII\u1d49 si\u00e8cle, un bureau de tabac des ann\u00e9es 1930, un fumoir du XIX\u1d49 si\u00e8cle, ainsi qu\u2019une galerie des pipes exposant des pi\u00e8ces en terre cuite, \u00e9cume, porcelaine et bois.<\/p>\n<p>L\u2019exposition permanente illustre \u00e9galement toutes les formes de consommation du tabac (fumer, priser, m\u00e2cher) \u00e0 travers les objets et les images, et explore les liens surprenants du tabac avec d\u2019autres domaines (contrebande, publicit\u00e9, musique, religion, sport, \u00e9rotisme\u2026). Des panneaux publicitaires anciens, d\u00e9sormais nostalgiques, et des r\u00e9cits de contrebande frontali\u00e8re ponctuent le parcours. Selon les concepteurs du mus\u00e9e, l\u2019objectif est de proposer \u00ab une exp\u00e9rience fascinante et \u00e9ducative \u00bb qui permette de comprendre l\u2019importance historique, sociale et \u00e9conomique de l\u2019industrie du tabac en Belgique<\/p>\n<p><img loading=\"lazy\" decoding=\"async\" class=\"size-full wp-image-2905 aligncenter\" src=\"https:\/\/cdn.blog.smoking.fr\/wp-content\/uploads\/2025\/05\/Musee-tabac-belgique_02.jpg\" alt=\"\" width=\"1200\" height=\"800\" srcset=\"https:\/\/cdn.blog.smoking.fr\/wp-content\/uploads\/2025\/05\/Musee-tabac-belgique_02.jpg 1200w, https:\/\/cdn.blog.smoking.fr\/wp-content\/uploads\/2025\/05\/Musee-tabac-belgique_02-300x200.jpg 300w, https:\/\/cdn.blog.smoking.fr\/wp-content\/uploads\/2025\/05\/Musee-tabac-belgique_02-1024x683.jpg 1024w, https:\/\/cdn.blog.smoking.fr\/wp-content\/uploads\/2025\/05\/Musee-tabac-belgique_02-768x512.jpg 768w, https:\/\/cdn.blog.smoking.fr\/wp-content\/uploads\/2025\/05\/Musee-tabac-belgique_02-90x60.jpg 90w\" sizes=\"auto, (max-width: 1200px) 100vw, 1200px\" \/><\/p>\n<h2><span class=\"ez-toc-section\" id=\"Le_lieu_et_son_architecture\"><\/span>Le lieu et son architecture<span class=\"ez-toc-section-end\"><\/span><\/h2>\n<p>Le Tabaksmuseum est \u00e9tabli dans la petite ville de Wervik (Flandre occidentale), un carrefour frontalier o\u00f9 se rencontrent les r\u00e9gions flamande et fran\u00e7aise. Le mus\u00e9e occupe les anciens b\u00e2timents attenants au moulin Brieken, class\u00e9 monument historique et construit au XVIII\u1d49 si\u00e8cle. Ce moulin \u00e0 vent r\u00e9nov\u00e9 offre un cadre pittoresque, au bord de la Lys, prolong\u00e9 par des am\u00e9nagements mus\u00e9ographiques contemporains. L\u2019extension inaugur\u00e9e en 2003 se caract\u00e9rise par une architecture \u00e9pur\u00e9e qui contraste avec les murs en briques et le toit traditionnel de l\u2019ancien moulin, symbolisant la fusion de l\u2019ancien et du moderne.<\/p>\n<p>Le site conserve ainsi un fort cachet historique li\u00e9 \u00e0 l\u2019industrie du tabac locale. \u00c0 proximit\u00e9 du mus\u00e9e, on trouve d\u2019ailleurs des chemins de promenade (la \u00ab route du tabac \u00bb) qui traversent les anciens champs de tabac. La r\u00e9gion de Wervik tout enti\u00e8re valorise ce patrimoine agricole et industriel, avec le mus\u00e9e comme point d\u2019ancrage de cette histoire.<\/p>\n<h2><span class=\"ez-toc-section\" id=\"Le_musee_comme_patrimoine_culturel\"><\/span>Le mus\u00e9e comme patrimoine culturel<span class=\"ez-toc-section-end\"><\/span><\/h2>\n<p>Le Mus\u00e9e national du Tabac est devenu un point d\u2019ancrage culturel et touristique pour Wervik. Il s\u2019inscrit dans une d\u00e9marche patrimoniale ambitieuse : l\u2019institution a pour vocation d\u2019\u00eatre \u00ab un centre de connaissances sur l\u2019histoire de l\u2019industrie du tabac, principalement en Belgique \u00bb, tout en assurant la sauvegarde du \u00ab patrimoine tabagique \u00bb (objets, b\u00e2timents et traditions) de la r\u00e9gion. La mission d\u00e9clar\u00e9e par le mus\u00e9e vise ainsi \u00e0 transmettre aux visiteurs l\u2019importance historique et \u00e9conomique du tabac belge, \u00e0 souligner le r\u00f4le particulier de Wervik dans cette histoire, et \u00e0 promouvoir une r\u00e9flexion critique sur l\u2019\u00e9volution des mentalit\u00e9s face au tabagisme.<\/p>\n<p>Ce positionnement est d\u2019autant plus significatif que Wervik a longtemps \u00e9t\u00e9 consid\u00e9r\u00e9e comme \u00ab la capitale de la cigarette \u00bb de Belgique. En effet, \u00ab plus de 95% de la r\u00e9colte de tabac belge provient \u00bb de ce secteur frontalier. Bien que la plupart des manufactures traditionnelles aient aujourd\u2019hui disparu, la r\u00e9gion entretient cette m\u00e9moire par le mus\u00e9e. Celui-ci contribue ainsi \u00e0 valoriser un patrimoine industriel menac\u00e9 de disparition, en le pla\u00e7ant dans un contexte culturel plus vaste o\u00f9 l\u2019histoire, l\u2019art populaire et les enjeux de sant\u00e9 publique se rencontrent.<\/p>\n<h2><span class=\"ez-toc-section\" id=\"Expositions_permanentes_et_temporaires\"><\/span>Expositions permanentes et temporaires<span class=\"ez-toc-section-end\"><\/span><\/h2>\n<p>La section permanente du mus\u00e9e couvre chronologiquement plusieurs si\u00e8cles d\u2019histoire du tabac. Elle expose des objets du fumeur et du collectionneur tout en reconstituant des ambiances historiques (bar \u00e0 fumoir, boutique de fumoir, cabinet d\u2019antiquaire de tabac, etc.). Les textes explicatifs et multim\u00e9dias viennent contextualiser ces pi\u00e8ces dans l\u2019histoire globale de l\u2019industrialisation du tabac, de la prohibition et de la contrebande aux campagnes de publicit\u00e9 du XX\u1d49 si\u00e8cle.<\/p>\n<p>Le mus\u00e9e organise \u00e9galement des expositions temporaires pour approfondir un th\u00e8me particulier. Par exemple, en septembre 2023 une exposition intitul\u00e9e \u00ab100 ans Belga\u00bb retra\u00e7ait l\u2019aventure de cette cigarette embl\u00e9matique belge, des origines familiales aux campagnes publicitaires iconiques des ann\u00e9es 1950\u201360. Plus r\u00e9cemment, au printemps 2025, le mus\u00e9e a propos\u00e9 un \u00ab escape room \u00bb interactif intitul\u00e9 \u00abR.I.P. Philippe\u00bb, jeu d\u2019enqu\u00eate p\u00e9dagogique o\u00f9 les visiteurs, organis\u00e9s en \u00e9quipe, devaient d\u00e9couvrir le secret d\u2019une figure l\u00e9gendaire du tabac local. D\u2019autres projets mus\u00e9aux temporaires, conf\u00e9rences et ateliers sont r\u00e9guli\u00e8rement programm\u00e9s, faisant du Tabaksmuseum un lieu dynamique de d\u00e9couverte pour diff\u00e9rents publics.<\/p>\n","protected":false},"excerpt":{"rendered":"<p>Le Mus\u00e9e national du Tabac (Nationaal Tabaksmuseum) de Belgique est une institution culturelle situ\u00e9e \u00e0 Wervik (Wervicq en fran\u00e7ais), pr\u00e8s de la fronti\u00e8re avec la France. Install\u00e9 \u00ab pr\u00e8s d\u2019un ancien moulin \u00e0 vent et au bord de la Lys \u00bb dans le quartier de Brieken, ce mus\u00e9e unique est d\u00e9di\u00e9 \u00e0 l\u2019histoire du tabac et des usages du fumeur. La r\u00e9gion de Wervik est une \u00ab terre de culture du tabac depuis 1640 \u00bb, et plus de 95 % &hellip; <\/p>\n","protected":false},"author":1,"featured_media":2907,"comment_status":"closed","ping_status":"closed","sticky":false,"template":"","format":"standard","meta":{"footnotes":""},"categories":[5],"tags":[],"class_list":["post-2903","post","type-post","status-publish","format-standard","has-post-thumbnail","hentry","category-articles-fumeurs"],"yoast_head":"<!-- This site is optimized with the Yoast SEO plugin v26.9 - https:\/\/yoast.com\/product\/yoast-seo-wordpress\/ -->\n<title>D\u00e9couverte du Mus\u00e9e National du Tabac de Belgique - Blog smoking.fr<\/title>\n<meta name=\"description\" content=\"Le Mus\u00e9e national du Tabac (Nationaal Tabaksmuseum) de Belgique est une institution culturelle situ\u00e9e \u00e0 Wervik (Wervicq en fran\u00e7ais), pr\u00e8s de la fronti\u00e8re\" \/>\n<meta name=\"robots\" content=\"index, follow, max-snippet:-1, max-image-preview:large, max-video-preview:-1\" \/>\n<link rel=\"canonical\" href=\"https:\/\/blog.smoking.fr\/decouverte-du-musee-national-du-tabac-de-belgique\/\" \/>\n<meta property=\"og:locale\" content=\"fr_FR\" \/>\n<meta property=\"og:type\" content=\"article\" \/>\n<meta property=\"og:title\" content=\"D\u00e9couverte du Mus\u00e9e National du Tabac de Belgique - Blog smoking.fr\" \/>\n<meta property=\"og:description\" content=\"Le Mus\u00e9e national du Tabac (Nationaal Tabaksmuseum) de Belgique est une institution culturelle situ\u00e9e \u00e0 Wervik (Wervicq en fran\u00e7ais), pr\u00e8s de la fronti\u00e8re\" \/>\n<meta property=\"og:url\" content=\"https:\/\/blog.smoking.fr\/decouverte-du-musee-national-du-tabac-de-belgique\/\" \/>\n<meta property=\"og:site_name\" content=\"Blog smoking.fr\" \/>\n<meta property=\"article:published_time\" content=\"2025-05-14T12:36:34+00:00\" \/>\n<meta property=\"article:modified_time\" content=\"2025-05-14T12:37:59+00:00\" \/>\n<meta property=\"og:image\" content=\"https:\/\/cdn.blog.smoking.fr\/wp-content\/uploads\/2025\/05\/Musee-tbac-belgique.jpg\" \/>\n\t<meta property=\"og:image:width\" content=\"1200\" \/>\n\t<meta property=\"og:image:height\" content=\"800\" \/>\n\t<meta property=\"og:image:type\" content=\"image\/jpeg\" \/>\n<meta name=\"author\" content=\"smoking\" \/>\n<meta name=\"twitter:card\" content=\"summary_large_image\" \/>\n<meta name=\"twitter:label1\" content=\"\u00c9crit par\" \/>\n\t<meta name=\"twitter:data1\" content=\"smoking\" \/>\n\t<meta name=\"twitter:label2\" content=\"Dur\u00e9e de lecture estim\u00e9e\" \/>\n\t<meta name=\"twitter:data2\" content=\"6 minutes\" \/>\n<script type=\"application\/ld+json\" class=\"yoast-schema-graph\">{\"@context\":\"https:\/\/schema.org\",\"@graph\":[{\"@type\":\"Article\",\"@id\":\"https:\/\/blog.smoking.fr\/decouverte-du-musee-national-du-tabac-de-belgique\/#article\",\"isPartOf\":{\"@id\":\"https:\/\/blog.smoking.fr\/decouverte-du-musee-national-du-tabac-de-belgique\/\"},\"author\":{\"name\":\"smoking\",\"@id\":\"https:\/\/blog.smoking.fr\/#\/schema\/person\/66f05f6c494f2aa18471a27e3851e747\"},\"headline\":\"D\u00e9couverte du Mus\u00e9e National du Tabac de Belgique\",\"datePublished\":\"2025-05-14T12:36:34+00:00\",\"dateModified\":\"2025-05-14T12:37:59+00:00\",\"mainEntityOfPage\":{\"@id\":\"https:\/\/blog.smoking.fr\/decouverte-du-musee-national-du-tabac-de-belgique\/\"},\"wordCount\":1069,\"publisher\":{\"@id\":\"https:\/\/blog.smoking.fr\/#organization\"},\"image\":{\"@id\":\"https:\/\/blog.smoking.fr\/decouverte-du-musee-national-du-tabac-de-belgique\/#primaryimage\"},\"thumbnailUrl\":\"https:\/\/cdn.blog.smoking.fr\/wp-content\/uploads\/2025\/05\/Musee-tbac-belgique.jpg\",\"articleSection\":[\"Actualit\u00e9s Articles fumeurs\"],\"inLanguage\":\"fr-FR\"},{\"@type\":\"WebPage\",\"@id\":\"https:\/\/blog.smoking.fr\/decouverte-du-musee-national-du-tabac-de-belgique\/\",\"url\":\"https:\/\/blog.smoking.fr\/decouverte-du-musee-national-du-tabac-de-belgique\/\",\"name\":\"D\u00e9couverte du Mus\u00e9e National du Tabac de Belgique - Blog smoking.fr\",\"isPartOf\":{\"@id\":\"https:\/\/blog.smoking.fr\/#website\"},\"primaryImageOfPage\":{\"@id\":\"https:\/\/blog.smoking.fr\/decouverte-du-musee-national-du-tabac-de-belgique\/#primaryimage\"},\"image\":{\"@id\":\"https:\/\/blog.smoking.fr\/decouverte-du-musee-national-du-tabac-de-belgique\/#primaryimage\"},\"thumbnailUrl\":\"https:\/\/cdn.blog.smoking.fr\/wp-content\/uploads\/2025\/05\/Musee-tbac-belgique.jpg\",\"datePublished\":\"2025-05-14T12:36:34+00:00\",\"dateModified\":\"2025-05-14T12:37:59+00:00\",\"description\":\"Le Mus\u00e9e national du Tabac (Nationaal Tabaksmuseum) de Belgique est une institution culturelle situ\u00e9e \u00e0 Wervik (Wervicq en fran\u00e7ais), pr\u00e8s de la fronti\u00e8re\",\"breadcrumb\":{\"@id\":\"https:\/\/blog.smoking.fr\/decouverte-du-musee-national-du-tabac-de-belgique\/#breadcrumb\"},\"inLanguage\":\"fr-FR\",\"potentialAction\":[{\"@type\":\"ReadAction\",\"target\":[\"https:\/\/blog.smoking.fr\/decouverte-du-musee-national-du-tabac-de-belgique\/\"]}]},{\"@type\":\"ImageObject\",\"inLanguage\":\"fr-FR\",\"@id\":\"https:\/\/blog.smoking.fr\/decouverte-du-musee-national-du-tabac-de-belgique\/#primaryimage\",\"url\":\"https:\/\/cdn.blog.smoking.fr\/wp-content\/uploads\/2025\/05\/Musee-tbac-belgique.jpg\",\"contentUrl\":\"https:\/\/cdn.blog.smoking.fr\/wp-content\/uploads\/2025\/05\/Musee-tbac-belgique.jpg\",\"width\":1200,\"height\":800},{\"@type\":\"BreadcrumbList\",\"@id\":\"https:\/\/blog.smoking.fr\/decouverte-du-musee-national-du-tabac-de-belgique\/#breadcrumb\",\"itemListElement\":[{\"@type\":\"ListItem\",\"position\":1,\"name\":\"Home\",\"item\":\"https:\/\/blog.smoking.fr\/\"},{\"@type\":\"ListItem\",\"position\":2,\"name\":\"D\u00e9couverte du Mus\u00e9e National du Tabac de Belgique\"}]},{\"@type\":\"WebSite\",\"@id\":\"https:\/\/blog.smoking.fr\/#website\",\"url\":\"https:\/\/blog.smoking.fr\/\",\"name\":\"Blog smoking.fr\",\"description\":\"Blog smoking.fr\",\"publisher\":{\"@id\":\"https:\/\/blog.smoking.fr\/#organization\"},\"potentialAction\":[{\"@type\":\"SearchAction\",\"target\":{\"@type\":\"EntryPoint\",\"urlTemplate\":\"https:\/\/blog.smoking.fr\/?s={search_term_string}\"},\"query-input\":{\"@type\":\"PropertyValueSpecification\",\"valueRequired\":true,\"valueName\":\"search_term_string\"}}],\"inLanguage\":\"fr-FR\"},{\"@type\":\"Organization\",\"@id\":\"https:\/\/blog.smoking.fr\/#organization\",\"name\":\"Blog Smoking.fr\",\"url\":\"https:\/\/blog.smoking.fr\/\",\"logo\":{\"@type\":\"ImageObject\",\"inLanguage\":\"fr-FR\",\"@id\":\"https:\/\/blog.smoking.fr\/#\/schema\/logo\/image\/\",\"url\":\"https:\/\/cdn.blog.smoking.fr\/wp-content\/uploads\/2021\/03\/cropped-Logo_Le-Blog-1.png\",\"contentUrl\":\"https:\/\/cdn.blog.smoking.fr\/wp-content\/uploads\/2021\/03\/cropped-Logo_Le-Blog-1.png\",\"width\":149,\"height\":70,\"caption\":\"Blog Smoking.fr\"},\"image\":{\"@id\":\"https:\/\/blog.smoking.fr\/#\/schema\/logo\/image\/\"}},{\"@type\":\"Person\",\"@id\":\"https:\/\/blog.smoking.fr\/#\/schema\/person\/66f05f6c494f2aa18471a27e3851e747\",\"name\":\"smoking\",\"image\":{\"@type\":\"ImageObject\",\"inLanguage\":\"fr-FR\",\"@id\":\"https:\/\/blog.smoking.fr\/#\/schema\/person\/image\/\",\"url\":\"https:\/\/secure.gravatar.com\/avatar\/68ca6f1d7f2bc912ac04391fee35b378fad8d6526444f2a576a3593c5b1ddb26?s=96&d=mm&r=g\",\"contentUrl\":\"https:\/\/secure.gravatar.com\/avatar\/68ca6f1d7f2bc912ac04391fee35b378fad8d6526444f2a576a3593c5b1ddb26?s=96&d=mm&r=g\",\"caption\":\"smoking\"},\"sameAs\":[\"https:\/\/blog.smoking.fr\"]}]}<\/script>\n<!-- \/ Yoast SEO plugin. -->","yoast_head_json":{"title":"D\u00e9couverte du Mus\u00e9e National du Tabac de Belgique - Blog smoking.fr","description":"Le Mus\u00e9e national du Tabac (Nationaal Tabaksmuseum) de Belgique est une institution culturelle situ\u00e9e \u00e0 Wervik (Wervicq en fran\u00e7ais), pr\u00e8s de la fronti\u00e8re","robots":{"index":"index","follow":"follow","max-snippet":"max-snippet:-1","max-image-preview":"max-image-preview:large","max-video-preview":"max-video-preview:-1"},"canonical":"https:\/\/blog.smoking.fr\/decouverte-du-musee-national-du-tabac-de-belgique\/","og_locale":"fr_FR","og_type":"article","og_title":"D\u00e9couverte du Mus\u00e9e National du Tabac de Belgique - Blog smoking.fr","og_description":"Le Mus\u00e9e national du Tabac (Nationaal Tabaksmuseum) de Belgique est une institution culturelle situ\u00e9e \u00e0 Wervik (Wervicq en fran\u00e7ais), pr\u00e8s de la fronti\u00e8re","og_url":"https:\/\/blog.smoking.fr\/decouverte-du-musee-national-du-tabac-de-belgique\/","og_site_name":"Blog smoking.fr","article_published_time":"2025-05-14T12:36:34+00:00","article_modified_time":"2025-05-14T12:37:59+00:00","og_image":[{"width":1200,"height":800,"url":"https:\/\/cdn.blog.smoking.fr\/wp-content\/uploads\/2025\/05\/Musee-tbac-belgique.jpg","type":"image\/jpeg"}],"author":"smoking","twitter_card":"summary_large_image","twitter_misc":{"\u00c9crit par":"smoking","Dur\u00e9e de lecture estim\u00e9e":"6 minutes"},"schema":{"@context":"https:\/\/schema.org","@graph":[{"@type":"Article","@id":"https:\/\/blog.smoking.fr\/decouverte-du-musee-national-du-tabac-de-belgique\/#article","isPartOf":{"@id":"https:\/\/blog.smoking.fr\/decouverte-du-musee-national-du-tabac-de-belgique\/"},"author":{"name":"smoking","@id":"https:\/\/blog.smoking.fr\/#\/schema\/person\/66f05f6c494f2aa18471a27e3851e747"},"headline":"D\u00e9couverte du Mus\u00e9e National du Tabac de Belgique","datePublished":"2025-05-14T12:36:34+00:00","dateModified":"2025-05-14T12:37:59+00:00","mainEntityOfPage":{"@id":"https:\/\/blog.smoking.fr\/decouverte-du-musee-national-du-tabac-de-belgique\/"},"wordCount":1069,"publisher":{"@id":"https:\/\/blog.smoking.fr\/#organization"},"image":{"@id":"https:\/\/blog.smoking.fr\/decouverte-du-musee-national-du-tabac-de-belgique\/#primaryimage"},"thumbnailUrl":"https:\/\/cdn.blog.smoking.fr\/wp-content\/uploads\/2025\/05\/Musee-tbac-belgique.jpg","articleSection":["Actualit\u00e9s Articles fumeurs"],"inLanguage":"fr-FR"},{"@type":"WebPage","@id":"https:\/\/blog.smoking.fr\/decouverte-du-musee-national-du-tabac-de-belgique\/","url":"https:\/\/blog.smoking.fr\/decouverte-du-musee-national-du-tabac-de-belgique\/","name":"D\u00e9couverte du Mus\u00e9e National du Tabac de Belgique - Blog smoking.fr","isPartOf":{"@id":"https:\/\/blog.smoking.fr\/#website"},"primaryImageOfPage":{"@id":"https:\/\/blog.smoking.fr\/decouverte-du-musee-national-du-tabac-de-belgique\/#primaryimage"},"image":{"@id":"https:\/\/blog.smoking.fr\/decouverte-du-musee-national-du-tabac-de-belgique\/#primaryimage"},"thumbnailUrl":"https:\/\/cdn.blog.smoking.fr\/wp-content\/uploads\/2025\/05\/Musee-tbac-belgique.jpg","datePublished":"2025-05-14T12:36:34+00:00","dateModified":"2025-05-14T12:37:59+00:00","description":"Le Mus\u00e9e national du Tabac (Nationaal Tabaksmuseum) de Belgique est une institution culturelle situ\u00e9e \u00e0 Wervik (Wervicq en fran\u00e7ais), pr\u00e8s de la fronti\u00e8re","breadcrumb":{"@id":"https:\/\/blog.smoking.fr\/decouverte-du-musee-national-du-tabac-de-belgique\/#breadcrumb"},"inLanguage":"fr-FR","potentialAction":[{"@type":"ReadAction","target":["https:\/\/blog.smoking.fr\/decouverte-du-musee-national-du-tabac-de-belgique\/"]}]},{"@type":"ImageObject","inLanguage":"fr-FR","@id":"https:\/\/blog.smoking.fr\/decouverte-du-musee-national-du-tabac-de-belgique\/#primaryimage","url":"https:\/\/cdn.blog.smoking.fr\/wp-content\/uploads\/2025\/05\/Musee-tbac-belgique.jpg","contentUrl":"https:\/\/cdn.blog.smoking.fr\/wp-content\/uploads\/2025\/05\/Musee-tbac-belgique.jpg","width":1200,"height":800},{"@type":"BreadcrumbList","@id":"https:\/\/blog.smoking.fr\/decouverte-du-musee-national-du-tabac-de-belgique\/#breadcrumb","itemListElement":[{"@type":"ListItem","position":1,"name":"Home","item":"https:\/\/blog.smoking.fr\/"},{"@type":"ListItem","position":2,"name":"D\u00e9couverte du Mus\u00e9e National du Tabac de Belgique"}]},{"@type":"WebSite","@id":"https:\/\/blog.smoking.fr\/#website","url":"https:\/\/blog.smoking.fr\/","name":"Blog smoking.fr","description":"Blog smoking.fr","publisher":{"@id":"https:\/\/blog.smoking.fr\/#organization"},"potentialAction":[{"@type":"SearchAction","target":{"@type":"EntryPoint","urlTemplate":"https:\/\/blog.smoking.fr\/?s={search_term_string}"},"query-input":{"@type":"PropertyValueSpecification","valueRequired":true,"valueName":"search_term_string"}}],"inLanguage":"fr-FR"},{"@type":"Organization","@id":"https:\/\/blog.smoking.fr\/#organization","name":"Blog Smoking.fr","url":"https:\/\/blog.smoking.fr\/","logo":{"@type":"ImageObject","inLanguage":"fr-FR","@id":"https:\/\/blog.smoking.fr\/#\/schema\/logo\/image\/","url":"https:\/\/cdn.blog.smoking.fr\/wp-content\/uploads\/2021\/03\/cropped-Logo_Le-Blog-1.png","contentUrl":"https:\/\/cdn.blog.smoking.fr\/wp-content\/uploads\/2021\/03\/cropped-Logo_Le-Blog-1.png","width":149,"height":70,"caption":"Blog Smoking.fr"},"image":{"@id":"https:\/\/blog.smoking.fr\/#\/schema\/logo\/image\/"}},{"@type":"Person","@id":"https:\/\/blog.smoking.fr\/#\/schema\/person\/66f05f6c494f2aa18471a27e3851e747","name":"smoking","image":{"@type":"ImageObject","inLanguage":"fr-FR","@id":"https:\/\/blog.smoking.fr\/#\/schema\/person\/image\/","url":"https:\/\/secure.gravatar.com\/avatar\/68ca6f1d7f2bc912ac04391fee35b378fad8d6526444f2a576a3593c5b1ddb26?s=96&d=mm&r=g","contentUrl":"https:\/\/secure.gravatar.com\/avatar\/68ca6f1d7f2bc912ac04391fee35b378fad8d6526444f2a576a3593c5b1ddb26?s=96&d=mm&r=g","caption":"smoking"},"sameAs":["https:\/\/blog.smoking.fr"]}]}},"_links":{"self":[{"href":"https:\/\/blog.smoking.fr\/wp-json\/wp\/v2\/posts\/2903","targetHints":{"allow":["GET"]}}],"collection":[{"href":"https:\/\/blog.smoking.fr\/wp-json\/wp\/v2\/posts"}],"about":[{"href":"https:\/\/blog.smoking.fr\/wp-json\/wp\/v2\/types\/post"}],"author":[{"embeddable":true,"href":"https:\/\/blog.smoking.fr\/wp-json\/wp\/v2\/users\/1"}],"replies":[{"embeddable":true,"href":"https:\/\/blog.smoking.fr\/wp-json\/wp\/v2\/comments?post=2903"}],"version-history":[{"count":1,"href":"https:\/\/blog.smoking.fr\/wp-json\/wp\/v2\/posts\/2903\/revisions"}],"predecessor-version":[{"id":2906,"href":"https:\/\/blog.smoking.fr\/wp-json\/wp\/v2\/posts\/2903\/revisions\/2906"}],"wp:featuredmedia":[{"embeddable":true,"href":"https:\/\/blog.smoking.fr\/wp-json\/wp\/v2\/media\/2907"}],"wp:attachment":[{"href":"https:\/\/blog.smoking.fr\/wp-json\/wp\/v2\/media?parent=2903"}],"wp:term":[{"taxonomy":"category","embeddable":true,"href":"https:\/\/blog.smoking.fr\/wp-json\/wp\/v2\/categories?post=2903"},{"taxonomy":"post_tag","embeddable":true,"href":"https:\/\/blog.smoking.fr\/wp-json\/wp\/v2\/tags?post=2903"}],"curies":[{"name":"wp","href":"https:\/\/api.w.org\/{rel}","templated":true}]}}