{"id":2338,"date":"2023-11-15T09:49:00","date_gmt":"2023-11-15T08:49:00","guid":{"rendered":"https:\/\/blog.smoking.fr\/?p=2338"},"modified":"2023-11-03T09:52:16","modified_gmt":"2023-11-03T08:52:16","slug":"interdiction-de-la-puff-que-faut-il-savoir","status":"publish","type":"post","link":"https:\/\/blog.smoking.fr\/interdiction-de-la-puff-que-faut-il-savoir\/","title":{"rendered":"Interdiction de la Puff : que faut-il savoir ?"},"content":{"rendered":"<p>Le 3 septembre dernier, la Premi\u00e8re ministre Elisabeth Borne a annonc\u00e9 que la cigarette \u00e9lectronique Puff serait interdite. Dans le cadre de du plan anti-tabagisme, cette e-cigarette jetable est jug\u00e9e trop dangereuse. D\u00e9cryptage.<\/p>\n<h2>La Puff : l\u2019accessoire \u00e0 la mode sur les r\u00e9seaux sociaux<\/h2>\n<p>Elle est n\u00e9e outre-Atlantique et a travers\u00e9 l\u2019oc\u00e9an pour envahir le march\u00e9 europ\u00e9en. La Puff n\u2019est autre qu\u2019une cigarette \u00e9lectronique jetable, avec, ou sans nicotine et permettant un nombre limit\u00e9 de de bouff\u00e9es (entre 300 et 600). En quelques mois seulement, elle est devenue la coqueluche des adolescents.<\/p>\n<p>Les r\u00e9seaux sociaux y sont pour beaucoup, puisque c\u2019est gr\u00e2ce \u00e0 eux que cette cigarette \u00e9lectronique a connu autant de succ\u00e8s sur tout l\u2019ancien continent et notamment en France. Cependant, visant sp\u00e9cifiquement les adolescents, elle repr\u00e9sente un vrai risque pour cette population. C\u2019est la raison pour laquelle le gouvernement souhaite freiner la vente dans l\u2019hexagone.<\/p>\n<p>Pour le moment, l\u2019on sait seulement que l\u2019\u00c9lys\u00e9e fait la chasse aux sorci\u00e8res envers cette e-cigarette jetable. Lors d\u2019une conf\u00e9rence de presse le 3 septembre dernier, Elisabeth Borne a indiqu\u00e9 que la Puff serait interdite sur le sol fran\u00e7ais, afin de lutter contre le tabagisme. Cependant, elle a aussi pr\u00e9cis\u00e9 que les conditions de cette suppression seraient pr\u00e9sent\u00e9es prochainement. Selon elle, m\u00eame si certaines d\u2019entre elles ne contiennent pas de nicotine, la Puff donne de mauvaises habitudes ainsi qu\u2019une mauvaise gestuelle aux jeunes, qui pourraient \u00eatre tent\u00e9s d\u2019aller vers le tabagisme.<\/p>\n<p><img loading=\"lazy\" decoding=\"async\" class=\"size-full wp-image-2339 aligncenter\" src=\"https:\/\/cdn.blog.smoking.fr\/wp-content\/uploads\/2023\/11\/Interdiction-de-la-puff_01.jpg\" alt=\"\" width=\"1200\" height=\"800\" srcset=\"https:\/\/cdn.blog.smoking.fr\/wp-content\/uploads\/2023\/11\/Interdiction-de-la-puff_01.jpg 1200w, https:\/\/cdn.blog.smoking.fr\/wp-content\/uploads\/2023\/11\/Interdiction-de-la-puff_01-300x200.jpg 300w, https:\/\/cdn.blog.smoking.fr\/wp-content\/uploads\/2023\/11\/Interdiction-de-la-puff_01-1024x683.jpg 1024w, https:\/\/cdn.blog.smoking.fr\/wp-content\/uploads\/2023\/11\/Interdiction-de-la-puff_01-768x512.jpg 768w, https:\/\/cdn.blog.smoking.fr\/wp-content\/uploads\/2023\/11\/Interdiction-de-la-puff_01-90x60.jpg 90w\" sizes=\"auto, (max-width: 1200px) 100vw, 1200px\" \/><\/p>\n<h2>Une interdiction d\u00e9j\u00e0 prononc\u00e9e dans quelques pays europ\u00e9ens<\/h2>\n<p>Un packaging aguicheur, un prix accessible et des parfums qui s\u00e9duisent les plus jeunes, le public vis\u00e9 par les Puffs est v\u00e9ritablement les adolescents. Sauf que cette cible doit \u00eatre prot\u00e9g\u00e9e des effets n\u00e9fastes du tabac. D\u2019autre part, m\u00eame si en th\u00e9orie, les mineurs ne peuvent pas acheter ce type de produit, certains buralistes avouent qu\u2019ils ne sont pas tr\u00e8s regardants et les vendent m\u00eame aux plus jeunes. Il faut savoir que de nombreux gouvernements ont d\u00e9j\u00e0 limit\u00e9, voire interdit la vente de la Puff. C\u2019est notamment le cas de l\u2019Allemagne, l\u2019Irlande ou encore la Belgique. Il faudra donc attendre encore un peu pour voir se dessiner les contours et conditions de cette interdiction en France.<\/p>\n","protected":false},"excerpt":{"rendered":"<p>Le 3 septembre dernier, la Premi\u00e8re ministre Elisabeth Borne a annonc\u00e9 que la cigarette \u00e9lectronique Puff serait interdite. Dans le cadre de du plan anti-tabagisme, cette e-cigarette jetable est jug\u00e9e trop dangereuse. D\u00e9cryptage. La Puff : l\u2019accessoire \u00e0 la mode sur les r\u00e9seaux sociaux Elle est n\u00e9e outre-Atlantique et a travers\u00e9 l\u2019oc\u00e9an pour envahir le march\u00e9 europ\u00e9en. La Puff n\u2019est autre qu\u2019une cigarette \u00e9lectronique jetable, avec, ou sans nicotine et permettant un nombre limit\u00e9 de de bouff\u00e9es (entre 300 et &hellip; <\/p>\n","protected":false},"author":1,"featured_media":2340,"comment_status":"closed","ping_status":"closed","sticky":false,"template":"","format":"standard","meta":{"footnotes":""},"categories":[6],"tags":[],"class_list":["post-2338","post","type-post","status-publish","format-standard","has-post-thumbnail","hentry","category-actus-interviews"],"yoast_head":"<!-- This site is optimized with the Yoast SEO plugin v27.5 - https:\/\/yoast.com\/product\/yoast-seo-wordpress\/ -->\n<title>Interdiction de la Puff : que faut-il savoir ? - Blog smoking.fr<\/title>\n<meta name=\"description\" content=\"Le 3 septembre dernier, la Premi\u00e8re ministre Elisabeth Borne a annonc\u00e9 que la cigarette \u00e9lectronique Puff serait interdite. Dans le cadre de du plan\" \/>\n<meta name=\"robots\" content=\"index, follow, max-snippet:-1, max-image-preview:large, max-video-preview:-1\" \/>\n<link rel=\"canonical\" href=\"https:\/\/blog.smoking.fr\/interdiction-de-la-puff-que-faut-il-savoir\/\" \/>\n<meta property=\"og:locale\" content=\"fr_FR\" \/>\n<meta property=\"og:type\" content=\"article\" \/>\n<meta property=\"og:title\" content=\"Interdiction de la Puff : que faut-il savoir ? - Blog smoking.fr\" \/>\n<meta property=\"og:description\" content=\"Le 3 septembre dernier, la Premi\u00e8re ministre Elisabeth Borne a annonc\u00e9 que la cigarette \u00e9lectronique Puff serait interdite. Dans le cadre de du plan\" \/>\n<meta property=\"og:url\" content=\"https:\/\/blog.smoking.fr\/interdiction-de-la-puff-que-faut-il-savoir\/\" \/>\n<meta property=\"og:site_name\" content=\"Blog smoking.fr\" \/>\n<meta property=\"article:published_time\" content=\"2023-11-15T08:49:00+00:00\" \/>\n<meta property=\"og:image\" content=\"https:\/\/cdn.blog.smoking.fr\/wp-content\/uploads\/2023\/11\/Interdiction-de-la-puff_02.jpg\" \/>\n\t<meta property=\"og:image:width\" content=\"1200\" \/>\n\t<meta property=\"og:image:height\" content=\"800\" \/>\n\t<meta property=\"og:image:type\" content=\"image\/jpeg\" \/>\n<meta name=\"author\" content=\"smoking\" \/>\n<meta name=\"twitter:card\" content=\"summary_large_image\" \/>\n<meta name=\"twitter:label1\" content=\"\u00c9crit par\" \/>\n\t<meta name=\"twitter:data1\" content=\"smoking\" \/>\n\t<meta name=\"twitter:label2\" content=\"Dur\u00e9e de lecture estim\u00e9e\" \/>\n\t<meta name=\"twitter:data2\" content=\"3 minutes\" \/>\n<script type=\"application\/ld+json\" class=\"yoast-schema-graph\">{\"@context\":\"https:\\\/\\\/schema.org\",\"@graph\":[{\"@type\":\"Article\",\"@id\":\"https:\\\/\\\/blog.smoking.fr\\\/interdiction-de-la-puff-que-faut-il-savoir\\\/#article\",\"isPartOf\":{\"@id\":\"https:\\\/\\\/blog.smoking.fr\\\/interdiction-de-la-puff-que-faut-il-savoir\\\/\"},\"author\":{\"name\":\"smoking\",\"@id\":\"https:\\\/\\\/blog.smoking.fr\\\/#\\\/schema\\\/person\\\/66f05f6c494f2aa18471a27e3851e747\"},\"headline\":\"Interdiction de la Puff : que faut-il savoir ?\",\"datePublished\":\"2023-11-15T08:49:00+00:00\",\"mainEntityOfPage\":{\"@id\":\"https:\\\/\\\/blog.smoking.fr\\\/interdiction-de-la-puff-que-faut-il-savoir\\\/\"},\"wordCount\":416,\"publisher\":{\"@id\":\"https:\\\/\\\/blog.smoking.fr\\\/#organization\"},\"image\":{\"@id\":\"https:\\\/\\\/blog.smoking.fr\\\/interdiction-de-la-puff-que-faut-il-savoir\\\/#primaryimage\"},\"thumbnailUrl\":\"https:\\\/\\\/blog.smoking.fr\\\/wp-content\\\/uploads\\\/2023\\\/11\\\/Interdiction-de-la-puff_02.jpg\",\"articleSection\":[\"Actus &amp; Interviews\"],\"inLanguage\":\"fr-FR\"},{\"@type\":\"WebPage\",\"@id\":\"https:\\\/\\\/blog.smoking.fr\\\/interdiction-de-la-puff-que-faut-il-savoir\\\/\",\"url\":\"https:\\\/\\\/blog.smoking.fr\\\/interdiction-de-la-puff-que-faut-il-savoir\\\/\",\"name\":\"Interdiction de la Puff : que faut-il savoir ? - Blog smoking.fr\",\"isPartOf\":{\"@id\":\"https:\\\/\\\/blog.smoking.fr\\\/#website\"},\"primaryImageOfPage\":{\"@id\":\"https:\\\/\\\/blog.smoking.fr\\\/interdiction-de-la-puff-que-faut-il-savoir\\\/#primaryimage\"},\"image\":{\"@id\":\"https:\\\/\\\/blog.smoking.fr\\\/interdiction-de-la-puff-que-faut-il-savoir\\\/#primaryimage\"},\"thumbnailUrl\":\"https:\\\/\\\/blog.smoking.fr\\\/wp-content\\\/uploads\\\/2023\\\/11\\\/Interdiction-de-la-puff_02.jpg\",\"datePublished\":\"2023-11-15T08:49:00+00:00\",\"description\":\"Le 3 septembre dernier, la Premi\u00e8re ministre Elisabeth Borne a annonc\u00e9 que la cigarette \u00e9lectronique Puff serait interdite. Dans le cadre de du plan\",\"breadcrumb\":{\"@id\":\"https:\\\/\\\/blog.smoking.fr\\\/interdiction-de-la-puff-que-faut-il-savoir\\\/#breadcrumb\"},\"inLanguage\":\"fr-FR\",\"potentialAction\":[{\"@type\":\"ReadAction\",\"target\":[\"https:\\\/\\\/blog.smoking.fr\\\/interdiction-de-la-puff-que-faut-il-savoir\\\/\"]}]},{\"@type\":\"ImageObject\",\"inLanguage\":\"fr-FR\",\"@id\":\"https:\\\/\\\/blog.smoking.fr\\\/interdiction-de-la-puff-que-faut-il-savoir\\\/#primaryimage\",\"url\":\"https:\\\/\\\/blog.smoking.fr\\\/wp-content\\\/uploads\\\/2023\\\/11\\\/Interdiction-de-la-puff_02.jpg\",\"contentUrl\":\"https:\\\/\\\/blog.smoking.fr\\\/wp-content\\\/uploads\\\/2023\\\/11\\\/Interdiction-de-la-puff_02.jpg\",\"width\":1200,\"height\":800},{\"@type\":\"BreadcrumbList\",\"@id\":\"https:\\\/\\\/blog.smoking.fr\\\/interdiction-de-la-puff-que-faut-il-savoir\\\/#breadcrumb\",\"itemListElement\":[{\"@type\":\"ListItem\",\"position\":1,\"name\":\"Home\",\"item\":\"https:\\\/\\\/blog.smoking.fr\\\/\"},{\"@type\":\"ListItem\",\"position\":2,\"name\":\"Interdiction de la Puff : que faut-il savoir ?\"}]},{\"@type\":\"WebSite\",\"@id\":\"https:\\\/\\\/blog.smoking.fr\\\/#website\",\"url\":\"https:\\\/\\\/blog.smoking.fr\\\/\",\"name\":\"Blog smoking.fr\",\"description\":\"Blog smoking.fr\",\"publisher\":{\"@id\":\"https:\\\/\\\/blog.smoking.fr\\\/#organization\"},\"potentialAction\":[{\"@type\":\"SearchAction\",\"target\":{\"@type\":\"EntryPoint\",\"urlTemplate\":\"https:\\\/\\\/blog.smoking.fr\\\/?s={search_term_string}\"},\"query-input\":{\"@type\":\"PropertyValueSpecification\",\"valueRequired\":true,\"valueName\":\"search_term_string\"}}],\"inLanguage\":\"fr-FR\"},{\"@type\":\"Organization\",\"@id\":\"https:\\\/\\\/blog.smoking.fr\\\/#organization\",\"name\":\"Blog Smoking.fr\",\"url\":\"https:\\\/\\\/blog.smoking.fr\\\/\",\"logo\":{\"@type\":\"ImageObject\",\"inLanguage\":\"fr-FR\",\"@id\":\"https:\\\/\\\/blog.smoking.fr\\\/#\\\/schema\\\/logo\\\/image\\\/\",\"url\":\"https:\\\/\\\/blog.smoking.fr\\\/wp-content\\\/uploads\\\/2021\\\/03\\\/cropped-Logo_Le-Blog-1.png\",\"contentUrl\":\"https:\\\/\\\/blog.smoking.fr\\\/wp-content\\\/uploads\\\/2021\\\/03\\\/cropped-Logo_Le-Blog-1.png\",\"width\":149,\"height\":70,\"caption\":\"Blog Smoking.fr\"},\"image\":{\"@id\":\"https:\\\/\\\/blog.smoking.fr\\\/#\\\/schema\\\/logo\\\/image\\\/\"}},{\"@type\":\"Person\",\"@id\":\"https:\\\/\\\/blog.smoking.fr\\\/#\\\/schema\\\/person\\\/66f05f6c494f2aa18471a27e3851e747\",\"name\":\"smoking\",\"image\":{\"@type\":\"ImageObject\",\"inLanguage\":\"fr-FR\",\"@id\":\"https:\\\/\\\/secure.gravatar.com\\\/avatar\\\/68ca6f1d7f2bc912ac04391fee35b378fad8d6526444f2a576a3593c5b1ddb26?s=96&d=mm&r=g\",\"url\":\"https:\\\/\\\/secure.gravatar.com\\\/avatar\\\/68ca6f1d7f2bc912ac04391fee35b378fad8d6526444f2a576a3593c5b1ddb26?s=96&d=mm&r=g\",\"contentUrl\":\"https:\\\/\\\/secure.gravatar.com\\\/avatar\\\/68ca6f1d7f2bc912ac04391fee35b378fad8d6526444f2a576a3593c5b1ddb26?s=96&d=mm&r=g\",\"caption\":\"smoking\"},\"sameAs\":[\"https:\\\/\\\/blog.smoking.fr\"]}]}<\/script>\n<!-- \/ Yoast SEO plugin. -->","yoast_head_json":{"title":"Interdiction de la Puff : que faut-il savoir ? - Blog smoking.fr","description":"Le 3 septembre dernier, la Premi\u00e8re ministre Elisabeth Borne a annonc\u00e9 que la cigarette \u00e9lectronique Puff serait interdite. Dans le cadre de du plan","robots":{"index":"index","follow":"follow","max-snippet":"max-snippet:-1","max-image-preview":"max-image-preview:large","max-video-preview":"max-video-preview:-1"},"canonical":"https:\/\/blog.smoking.fr\/interdiction-de-la-puff-que-faut-il-savoir\/","og_locale":"fr_FR","og_type":"article","og_title":"Interdiction de la Puff : que faut-il savoir ? - Blog smoking.fr","og_description":"Le 3 septembre dernier, la Premi\u00e8re ministre Elisabeth Borne a annonc\u00e9 que la cigarette \u00e9lectronique Puff serait interdite. Dans le cadre de du plan","og_url":"https:\/\/blog.smoking.fr\/interdiction-de-la-puff-que-faut-il-savoir\/","og_site_name":"Blog smoking.fr","article_published_time":"2023-11-15T08:49:00+00:00","og_image":[{"width":1200,"height":800,"url":"https:\/\/cdn.blog.smoking.fr\/wp-content\/uploads\/2023\/11\/Interdiction-de-la-puff_02.jpg","type":"image\/jpeg"}],"author":"smoking","twitter_card":"summary_large_image","twitter_misc":{"\u00c9crit par":"smoking","Dur\u00e9e de lecture estim\u00e9e":"3 minutes"},"schema":{"@context":"https:\/\/schema.org","@graph":[{"@type":"Article","@id":"https:\/\/blog.smoking.fr\/interdiction-de-la-puff-que-faut-il-savoir\/#article","isPartOf":{"@id":"https:\/\/blog.smoking.fr\/interdiction-de-la-puff-que-faut-il-savoir\/"},"author":{"name":"smoking","@id":"https:\/\/blog.smoking.fr\/#\/schema\/person\/66f05f6c494f2aa18471a27e3851e747"},"headline":"Interdiction de la Puff : que faut-il savoir ?","datePublished":"2023-11-15T08:49:00+00:00","mainEntityOfPage":{"@id":"https:\/\/blog.smoking.fr\/interdiction-de-la-puff-que-faut-il-savoir\/"},"wordCount":416,"publisher":{"@id":"https:\/\/blog.smoking.fr\/#organization"},"image":{"@id":"https:\/\/blog.smoking.fr\/interdiction-de-la-puff-que-faut-il-savoir\/#primaryimage"},"thumbnailUrl":"https:\/\/cdn.blog.smoking.fr\/wp-content\/uploads\/2023\/11\/Interdiction-de-la-puff_02.jpg","articleSection":["Actus &amp; Interviews"],"inLanguage":"fr-FR"},{"@type":"WebPage","@id":"https:\/\/blog.smoking.fr\/interdiction-de-la-puff-que-faut-il-savoir\/","url":"https:\/\/blog.smoking.fr\/interdiction-de-la-puff-que-faut-il-savoir\/","name":"Interdiction de la Puff : que faut-il savoir ? - Blog smoking.fr","isPartOf":{"@id":"https:\/\/blog.smoking.fr\/#website"},"primaryImageOfPage":{"@id":"https:\/\/blog.smoking.fr\/interdiction-de-la-puff-que-faut-il-savoir\/#primaryimage"},"image":{"@id":"https:\/\/blog.smoking.fr\/interdiction-de-la-puff-que-faut-il-savoir\/#primaryimage"},"thumbnailUrl":"https:\/\/cdn.blog.smoking.fr\/wp-content\/uploads\/2023\/11\/Interdiction-de-la-puff_02.jpg","datePublished":"2023-11-15T08:49:00+00:00","description":"Le 3 septembre dernier, la Premi\u00e8re ministre Elisabeth Borne a annonc\u00e9 que la cigarette \u00e9lectronique Puff serait interdite. Dans le cadre de du plan","breadcrumb":{"@id":"https:\/\/blog.smoking.fr\/interdiction-de-la-puff-que-faut-il-savoir\/#breadcrumb"},"inLanguage":"fr-FR","potentialAction":[{"@type":"ReadAction","target":["https:\/\/blog.smoking.fr\/interdiction-de-la-puff-que-faut-il-savoir\/"]}]},{"@type":"ImageObject","inLanguage":"fr-FR","@id":"https:\/\/blog.smoking.fr\/interdiction-de-la-puff-que-faut-il-savoir\/#primaryimage","url":"https:\/\/cdn.blog.smoking.fr\/wp-content\/uploads\/2023\/11\/Interdiction-de-la-puff_02.jpg","contentUrl":"https:\/\/cdn.blog.smoking.fr\/wp-content\/uploads\/2023\/11\/Interdiction-de-la-puff_02.jpg","width":1200,"height":800},{"@type":"BreadcrumbList","@id":"https:\/\/blog.smoking.fr\/interdiction-de-la-puff-que-faut-il-savoir\/#breadcrumb","itemListElement":[{"@type":"ListItem","position":1,"name":"Home","item":"https:\/\/blog.smoking.fr\/"},{"@type":"ListItem","position":2,"name":"Interdiction de la Puff : que faut-il savoir ?"}]},{"@type":"WebSite","@id":"https:\/\/blog.smoking.fr\/#website","url":"https:\/\/blog.smoking.fr\/","name":"Blog smoking.fr","description":"Blog smoking.fr","publisher":{"@id":"https:\/\/blog.smoking.fr\/#organization"},"potentialAction":[{"@type":"SearchAction","target":{"@type":"EntryPoint","urlTemplate":"https:\/\/blog.smoking.fr\/?s={search_term_string}"},"query-input":{"@type":"PropertyValueSpecification","valueRequired":true,"valueName":"search_term_string"}}],"inLanguage":"fr-FR"},{"@type":"Organization","@id":"https:\/\/blog.smoking.fr\/#organization","name":"Blog Smoking.fr","url":"https:\/\/blog.smoking.fr\/","logo":{"@type":"ImageObject","inLanguage":"fr-FR","@id":"https:\/\/blog.smoking.fr\/#\/schema\/logo\/image\/","url":"https:\/\/cdn.blog.smoking.fr\/wp-content\/uploads\/2021\/03\/cropped-Logo_Le-Blog-1.png","contentUrl":"https:\/\/cdn.blog.smoking.fr\/wp-content\/uploads\/2021\/03\/cropped-Logo_Le-Blog-1.png","width":149,"height":70,"caption":"Blog Smoking.fr"},"image":{"@id":"https:\/\/blog.smoking.fr\/#\/schema\/logo\/image\/"}},{"@type":"Person","@id":"https:\/\/blog.smoking.fr\/#\/schema\/person\/66f05f6c494f2aa18471a27e3851e747","name":"smoking","image":{"@type":"ImageObject","inLanguage":"fr-FR","@id":"https:\/\/secure.gravatar.com\/avatar\/68ca6f1d7f2bc912ac04391fee35b378fad8d6526444f2a576a3593c5b1ddb26?s=96&d=mm&r=g","url":"https:\/\/secure.gravatar.com\/avatar\/68ca6f1d7f2bc912ac04391fee35b378fad8d6526444f2a576a3593c5b1ddb26?s=96&d=mm&r=g","contentUrl":"https:\/\/secure.gravatar.com\/avatar\/68ca6f1d7f2bc912ac04391fee35b378fad8d6526444f2a576a3593c5b1ddb26?s=96&d=mm&r=g","caption":"smoking"},"sameAs":["https:\/\/blog.smoking.fr"]}]}},"_links":{"self":[{"href":"https:\/\/blog.smoking.fr\/wp-json\/wp\/v2\/posts\/2338","targetHints":{"allow":["GET"]}}],"collection":[{"href":"https:\/\/blog.smoking.fr\/wp-json\/wp\/v2\/posts"}],"about":[{"href":"https:\/\/blog.smoking.fr\/wp-json\/wp\/v2\/types\/post"}],"author":[{"embeddable":true,"href":"https:\/\/blog.smoking.fr\/wp-json\/wp\/v2\/users\/1"}],"replies":[{"embeddable":true,"href":"https:\/\/blog.smoking.fr\/wp-json\/wp\/v2\/comments?post=2338"}],"version-history":[{"count":1,"href":"https:\/\/blog.smoking.fr\/wp-json\/wp\/v2\/posts\/2338\/revisions"}],"predecessor-version":[{"id":2341,"href":"https:\/\/blog.smoking.fr\/wp-json\/wp\/v2\/posts\/2338\/revisions\/2341"}],"wp:featuredmedia":[{"embeddable":true,"href":"https:\/\/blog.smoking.fr\/wp-json\/wp\/v2\/media\/2340"}],"wp:attachment":[{"href":"https:\/\/blog.smoking.fr\/wp-json\/wp\/v2\/media?parent=2338"}],"wp:term":[{"taxonomy":"category","embeddable":true,"href":"https:\/\/blog.smoking.fr\/wp-json\/wp\/v2\/categories?post=2338"},{"taxonomy":"post_tag","embeddable":true,"href":"https:\/\/blog.smoking.fr\/wp-json\/wp\/v2\/tags?post=2338"}],"curies":[{"name":"wp","href":"https:\/\/api.w.org\/{rel}","templated":true}]}}