{"id":1674,"date":"2021-08-11T14:27:07","date_gmt":"2021-08-11T12:27:07","guid":{"rendered":"https:\/\/blog.smoking.fr\/?p=1674"},"modified":"2025-05-15T13:37:45","modified_gmt":"2025-05-15T11:37:45","slug":"interdiction-de-fumer-dans-les-jardins-et-sur-les-plages-est-ce-legal","status":"publish","type":"post","link":"https:\/\/blog.smoking.fr\/interdiction-de-fumer-dans-les-jardins-et-sur-les-plages-est-ce-legal\/","title":{"rendered":"Interdiction de fumer dans les jardins et sur les plages : est-ce l\u00e9gal ?"},"content":{"rendered":"<p>De nombreuses interdictions de fumer pullulent dans les lieux publics. Toutefois, ces interdictions sont-elles bien l\u00e9gales ? Nous avons men\u00e9 notre petite enqu\u00eate et voici ce qu\u2019il en retourne.<\/p>\n<div id=\"ez-toc-container\" class=\"ez-toc-v2_0_82_2 counter-hierarchy ez-toc-counter ez-toc-grey ez-toc-container-direction\">\n<div class=\"ez-toc-title-container\"><p class=\"ez-toc-title\" style=\"cursor:inherit\">Contenus de la page :<\/p>\n<\/div><nav><ul class='ez-toc-list ez-toc-list-level-1 ' ><li class='ez-toc-page-1 ez-toc-heading-level-2'><a class=\"ez-toc-link ez-toc-heading-1\" href=\"https:\/\/blog.smoking.fr\/interdiction-de-fumer-dans-les-jardins-et-sur-les-plages-est-ce-legal\/#Des_lois_qui_evoluent\" >Des lois qui \u00e9voluent<\/a><\/li><li class='ez-toc-page-1 ez-toc-heading-level-2'><a class=\"ez-toc-link ez-toc-heading-2\" href=\"https:\/\/blog.smoking.fr\/interdiction-de-fumer-dans-les-jardins-et-sur-les-plages-est-ce-legal\/#Des_interdictions_aleatoires_en_fonction_des_villes\" >Des interdictions al\u00e9atoires en fonction des villes<\/a><\/li><li class='ez-toc-page-1 ez-toc-heading-level-2'><a class=\"ez-toc-link ez-toc-heading-3\" href=\"https:\/\/blog.smoking.fr\/interdiction-de-fumer-dans-les-jardins-et-sur-les-plages-est-ce-legal\/#Des_sanctions_au_bon_vouloir_des_communes\" >Des sanctions au bon vouloir des communes<\/a><\/li><\/ul><\/nav><\/div>\n<h2><span class=\"ez-toc-section\" id=\"Des_lois_qui_evoluent\"><\/span>Des lois qui \u00e9voluent<span class=\"ez-toc-section-end\"><\/span><\/h2>\n<p>La r\u00e9forme du 10 janvier 1991 (loi Evin) a soulev\u00e9 un d\u00e9bat en 2006. En est ressorti que dans le droit fran\u00e7ais, aucune loi ne pr\u00e9voyait l\u2019interdiction de fumer dans un espace ouvert public, \u00e0 l\u2019exception des quais de gare et des cours de lyc\u00e9e, coll\u00e8ges et \u00e9coles.<\/p>\n<p>Cependant, depuis 2006, des directives locales viennent contrecarrer le droit des fumeurs dans les espaces publics ouverts. En effet, en l\u2019absence de lois, ce sont alors les municipalit\u00e9s qui peuvent imposer ou pas une restriction de fumer dans les lieux dits ouverts. En cons\u00e9quence, d\u2019une ville \u00e0 l\u2019autre, les interdictions peuvent \u00e9voluer.<\/p>\n<h2><span class=\"ez-toc-section\" id=\"Des_interdictions_aleatoires_en_fonction_des_villes\"><\/span>Des interdictions al\u00e9atoires en fonction des villes<span class=\"ez-toc-section-end\"><\/span><\/h2>\n<p>Vous l\u2019aurez compris, suivant la ville dans laquelle vous vous trouvez, il se peut que vous puissiez griller votre cigarette dans un parc ou pas. Par exemple, depuis 2018, si vous \u00eates strasbourgeois ou de passage, vous n\u2019avez pas le droit de fumer dans les parcs et jardins de la ville m\u00eame avec un <a href=\"https:\/\/www.smoking.fr\/cendrier-de-poche-cpc-2.html\"><strong>cendrier de poche<\/strong><\/a>. Depuis juin 2019, Paris interdit les fumeurs dans pas moins de 52 jardins. Lyon y va \u00e0 t\u00e2tons depuis 2020 en interdisant de fumer que dans un seul parc \u00e0 titre exp\u00e9rimental, et ce, sur 3 ans. \u00c0 Marseille, 3 des 20 plages sont interdites aux fumeurs.<\/p>\n<p>Tout manquement \u00e0 ces r\u00e8gles est passible de verbalisations. La l\u00e9galit\u00e9 de ces arr\u00eat\u00e9s est tendancieuse, mais l\u00e9gale malgr\u00e9 tout.<\/p>\n<p><img loading=\"lazy\" decoding=\"async\" class=\"alignnone wp-image-1676\" src=\"https:\/\/cdn.blog.smoking.fr\/wp-content\/uploads\/2021\/07\/fumer-plage-et-jardin-001.jpg\" alt=\"\" width=\"1200\" height=\"800\" srcset=\"https:\/\/cdn.blog.smoking.fr\/wp-content\/uploads\/2021\/07\/fumer-plage-et-jardin-001.jpg 1280w, https:\/\/cdn.blog.smoking.fr\/wp-content\/uploads\/2021\/07\/fumer-plage-et-jardin-001-300x200.jpg 300w, https:\/\/cdn.blog.smoking.fr\/wp-content\/uploads\/2021\/07\/fumer-plage-et-jardin-001-1024x682.jpg 1024w, https:\/\/cdn.blog.smoking.fr\/wp-content\/uploads\/2021\/07\/fumer-plage-et-jardin-001-768x512.jpg 768w, https:\/\/cdn.blog.smoking.fr\/wp-content\/uploads\/2021\/07\/fumer-plage-et-jardin-001-90x60.jpg 90w\" sizes=\"auto, (max-width: 1200px) 100vw, 1200px\" \/><\/p>\n<h2><span class=\"ez-toc-section\" id=\"Des_sanctions_au_bon_vouloir_des_communes\"><\/span>Des sanctions au bon vouloir des communes<span class=\"ez-toc-section-end\"><\/span><\/h2>\n<p>En toute normalit\u00e9, les interdictions de fumer dans les parcs ou plages doivent \u00eatre affich\u00e9es sur le lieu public concern\u00e9. Certaines mairies mentionnent \u00e9galement ces informations sur leur site web. Cependant, il peut arriver que des touristes n\u2019aient pas connaissance de ces interdictions pour diverses raisons. Comment diff\u00e9rencier une personne distraite d\u2019un citoyen r\u00e9calcitrant et r\u00e9cidiviste ? Cette question engendre parfois des in\u00e9galit\u00e9s.<\/p>\n<p>In\u00e9galit\u00e9s qui sont \u00e9galement visibles sur les sanctions : un simple avertissement \u00e0 Lyon contre 38 euros d\u2019amende \u00e0 Paris\u2026<\/p>\n","protected":false},"excerpt":{"rendered":"<p>De nombreuses interdictions de fumer pullulent dans les lieux publics. Toutefois, ces interdictions sont-elles bien l\u00e9gales ? Nous avons men\u00e9 notre petite enqu\u00eate et voici ce qu\u2019il en retourne. Des lois qui \u00e9voluent La r\u00e9forme du 10 janvier 1991 (loi Evin) a soulev\u00e9 un d\u00e9bat en 2006. En est ressorti que dans le droit fran\u00e7ais, aucune loi ne pr\u00e9voyait l\u2019interdiction de fumer dans un espace ouvert public, \u00e0 l\u2019exception des quais de gare et des cours de lyc\u00e9e, coll\u00e8ges et &hellip; <\/p>\n","protected":false},"author":1,"featured_media":1675,"comment_status":"closed","ping_status":"closed","sticky":false,"template":"","format":"standard","meta":{"footnotes":""},"categories":[6],"tags":[],"class_list":["post-1674","post","type-post","status-publish","format-standard","has-post-thumbnail","hentry","category-actus-interviews"],"yoast_head":"<!-- This site is optimized with the Yoast SEO plugin v27.5 - https:\/\/yoast.com\/product\/yoast-seo-wordpress\/ -->\n<title>Interdiction de fumer dans les jardins et sur les plages : est-ce l\u00e9gal ? Blog smoking.fr<\/title>\n<meta name=\"description\" content=\"De nombreuses interdictions de fumer pullulent dans les lieux publics. Toutefois, ces interdictions sont-elles bien l\u00e9gales ? Nous avons men\u00e9 notre petite\" \/>\n<meta name=\"robots\" content=\"index, follow, max-snippet:-1, max-image-preview:large, max-video-preview:-1\" \/>\n<link rel=\"canonical\" href=\"https:\/\/blog.smoking.fr\/interdiction-de-fumer-dans-les-jardins-et-sur-les-plages-est-ce-legal\/\" \/>\n<meta property=\"og:locale\" content=\"fr_FR\" \/>\n<meta property=\"og:type\" content=\"article\" \/>\n<meta property=\"og:title\" content=\"Interdiction de fumer dans les jardins et sur les plages : est-ce l\u00e9gal ? Blog smoking.fr\" \/>\n<meta property=\"og:description\" content=\"De nombreuses interdictions de fumer pullulent dans les lieux publics. Toutefois, ces interdictions sont-elles bien l\u00e9gales ? Nous avons men\u00e9 notre petite\" \/>\n<meta property=\"og:url\" content=\"https:\/\/blog.smoking.fr\/interdiction-de-fumer-dans-les-jardins-et-sur-les-plages-est-ce-legal\/\" \/>\n<meta property=\"og:site_name\" content=\"Blog smoking.fr\" \/>\n<meta property=\"article:published_time\" content=\"2021-08-11T12:27:07+00:00\" \/>\n<meta property=\"article:modified_time\" content=\"2025-05-15T11:37:45+00:00\" \/>\n<meta property=\"og:image\" content=\"https:\/\/cdn.blog.smoking.fr\/wp-content\/uploads\/2021\/07\/fumer-plage-et-jardin-002.jpg\" \/>\n\t<meta property=\"og:image:width\" content=\"1280\" \/>\n\t<meta property=\"og:image:height\" content=\"853\" \/>\n\t<meta property=\"og:image:type\" content=\"image\/jpeg\" \/>\n<meta name=\"author\" content=\"smoking\" \/>\n<meta name=\"twitter:card\" content=\"summary_large_image\" \/>\n<meta name=\"twitter:label1\" content=\"\u00c9crit par\" \/>\n\t<meta name=\"twitter:data1\" content=\"smoking\" \/>\n\t<meta name=\"twitter:label2\" content=\"Dur\u00e9e de lecture estim\u00e9e\" \/>\n\t<meta name=\"twitter:data2\" content=\"2 minutes\" \/>\n<script type=\"application\/ld+json\" class=\"yoast-schema-graph\">{\"@context\":\"https:\\\/\\\/schema.org\",\"@graph\":[{\"@type\":\"Article\",\"@id\":\"https:\\\/\\\/blog.smoking.fr\\\/interdiction-de-fumer-dans-les-jardins-et-sur-les-plages-est-ce-legal\\\/#article\",\"isPartOf\":{\"@id\":\"https:\\\/\\\/blog.smoking.fr\\\/interdiction-de-fumer-dans-les-jardins-et-sur-les-plages-est-ce-legal\\\/\"},\"author\":{\"name\":\"smoking\",\"@id\":\"https:\\\/\\\/blog.smoking.fr\\\/#\\\/schema\\\/person\\\/66f05f6c494f2aa18471a27e3851e747\"},\"headline\":\"Interdiction de fumer dans les jardins et sur les plages : est-ce l\u00e9gal ?\",\"datePublished\":\"2021-08-11T12:27:07+00:00\",\"dateModified\":\"2025-05-15T11:37:45+00:00\",\"mainEntityOfPage\":{\"@id\":\"https:\\\/\\\/blog.smoking.fr\\\/interdiction-de-fumer-dans-les-jardins-et-sur-les-plages-est-ce-legal\\\/\"},\"wordCount\":382,\"publisher\":{\"@id\":\"https:\\\/\\\/blog.smoking.fr\\\/#organization\"},\"image\":{\"@id\":\"https:\\\/\\\/blog.smoking.fr\\\/interdiction-de-fumer-dans-les-jardins-et-sur-les-plages-est-ce-legal\\\/#primaryimage\"},\"thumbnailUrl\":\"https:\\\/\\\/blog.smoking.fr\\\/wp-content\\\/uploads\\\/2021\\\/07\\\/fumer-plage-et-jardin-002.jpg\",\"articleSection\":[\"Actus &amp; Interviews\"],\"inLanguage\":\"fr-FR\"},{\"@type\":\"WebPage\",\"@id\":\"https:\\\/\\\/blog.smoking.fr\\\/interdiction-de-fumer-dans-les-jardins-et-sur-les-plages-est-ce-legal\\\/\",\"url\":\"https:\\\/\\\/blog.smoking.fr\\\/interdiction-de-fumer-dans-les-jardins-et-sur-les-plages-est-ce-legal\\\/\",\"name\":\"Interdiction de fumer dans les jardins et sur les plages : est-ce l\u00e9gal ? Blog smoking.fr\",\"isPartOf\":{\"@id\":\"https:\\\/\\\/blog.smoking.fr\\\/#website\"},\"primaryImageOfPage\":{\"@id\":\"https:\\\/\\\/blog.smoking.fr\\\/interdiction-de-fumer-dans-les-jardins-et-sur-les-plages-est-ce-legal\\\/#primaryimage\"},\"image\":{\"@id\":\"https:\\\/\\\/blog.smoking.fr\\\/interdiction-de-fumer-dans-les-jardins-et-sur-les-plages-est-ce-legal\\\/#primaryimage\"},\"thumbnailUrl\":\"https:\\\/\\\/blog.smoking.fr\\\/wp-content\\\/uploads\\\/2021\\\/07\\\/fumer-plage-et-jardin-002.jpg\",\"datePublished\":\"2021-08-11T12:27:07+00:00\",\"dateModified\":\"2025-05-15T11:37:45+00:00\",\"description\":\"De nombreuses interdictions de fumer pullulent dans les lieux publics. Toutefois, ces interdictions sont-elles bien l\u00e9gales ? Nous avons men\u00e9 notre petite\",\"breadcrumb\":{\"@id\":\"https:\\\/\\\/blog.smoking.fr\\\/interdiction-de-fumer-dans-les-jardins-et-sur-les-plages-est-ce-legal\\\/#breadcrumb\"},\"inLanguage\":\"fr-FR\",\"potentialAction\":[{\"@type\":\"ReadAction\",\"target\":[\"https:\\\/\\\/blog.smoking.fr\\\/interdiction-de-fumer-dans-les-jardins-et-sur-les-plages-est-ce-legal\\\/\"]}]},{\"@type\":\"ImageObject\",\"inLanguage\":\"fr-FR\",\"@id\":\"https:\\\/\\\/blog.smoking.fr\\\/interdiction-de-fumer-dans-les-jardins-et-sur-les-plages-est-ce-legal\\\/#primaryimage\",\"url\":\"https:\\\/\\\/blog.smoking.fr\\\/wp-content\\\/uploads\\\/2021\\\/07\\\/fumer-plage-et-jardin-002.jpg\",\"contentUrl\":\"https:\\\/\\\/blog.smoking.fr\\\/wp-content\\\/uploads\\\/2021\\\/07\\\/fumer-plage-et-jardin-002.jpg\",\"width\":1280,\"height\":853},{\"@type\":\"BreadcrumbList\",\"@id\":\"https:\\\/\\\/blog.smoking.fr\\\/interdiction-de-fumer-dans-les-jardins-et-sur-les-plages-est-ce-legal\\\/#breadcrumb\",\"itemListElement\":[{\"@type\":\"ListItem\",\"position\":1,\"name\":\"Home\",\"item\":\"https:\\\/\\\/blog.smoking.fr\\\/\"},{\"@type\":\"ListItem\",\"position\":2,\"name\":\"Interdiction de fumer dans les jardins et sur les plages : est-ce l\u00e9gal ?\"}]},{\"@type\":\"WebSite\",\"@id\":\"https:\\\/\\\/blog.smoking.fr\\\/#website\",\"url\":\"https:\\\/\\\/blog.smoking.fr\\\/\",\"name\":\"Blog smoking.fr\",\"description\":\"Blog smoking.fr\",\"publisher\":{\"@id\":\"https:\\\/\\\/blog.smoking.fr\\\/#organization\"},\"potentialAction\":[{\"@type\":\"SearchAction\",\"target\":{\"@type\":\"EntryPoint\",\"urlTemplate\":\"https:\\\/\\\/blog.smoking.fr\\\/?s={search_term_string}\"},\"query-input\":{\"@type\":\"PropertyValueSpecification\",\"valueRequired\":true,\"valueName\":\"search_term_string\"}}],\"inLanguage\":\"fr-FR\"},{\"@type\":\"Organization\",\"@id\":\"https:\\\/\\\/blog.smoking.fr\\\/#organization\",\"name\":\"Blog Smoking.fr\",\"url\":\"https:\\\/\\\/blog.smoking.fr\\\/\",\"logo\":{\"@type\":\"ImageObject\",\"inLanguage\":\"fr-FR\",\"@id\":\"https:\\\/\\\/blog.smoking.fr\\\/#\\\/schema\\\/logo\\\/image\\\/\",\"url\":\"https:\\\/\\\/blog.smoking.fr\\\/wp-content\\\/uploads\\\/2021\\\/03\\\/cropped-Logo_Le-Blog-1.png\",\"contentUrl\":\"https:\\\/\\\/blog.smoking.fr\\\/wp-content\\\/uploads\\\/2021\\\/03\\\/cropped-Logo_Le-Blog-1.png\",\"width\":149,\"height\":70,\"caption\":\"Blog Smoking.fr\"},\"image\":{\"@id\":\"https:\\\/\\\/blog.smoking.fr\\\/#\\\/schema\\\/logo\\\/image\\\/\"}},{\"@type\":\"Person\",\"@id\":\"https:\\\/\\\/blog.smoking.fr\\\/#\\\/schema\\\/person\\\/66f05f6c494f2aa18471a27e3851e747\",\"name\":\"smoking\",\"image\":{\"@type\":\"ImageObject\",\"inLanguage\":\"fr-FR\",\"@id\":\"https:\\\/\\\/secure.gravatar.com\\\/avatar\\\/68ca6f1d7f2bc912ac04391fee35b378fad8d6526444f2a576a3593c5b1ddb26?s=96&d=mm&r=g\",\"url\":\"https:\\\/\\\/secure.gravatar.com\\\/avatar\\\/68ca6f1d7f2bc912ac04391fee35b378fad8d6526444f2a576a3593c5b1ddb26?s=96&d=mm&r=g\",\"contentUrl\":\"https:\\\/\\\/secure.gravatar.com\\\/avatar\\\/68ca6f1d7f2bc912ac04391fee35b378fad8d6526444f2a576a3593c5b1ddb26?s=96&d=mm&r=g\",\"caption\":\"smoking\"},\"sameAs\":[\"https:\\\/\\\/blog.smoking.fr\"]}]}<\/script>\n<!-- \/ Yoast SEO plugin. -->","yoast_head_json":{"title":"Interdiction de fumer dans les jardins et sur les plages : est-ce l\u00e9gal ? Blog smoking.fr","description":"De nombreuses interdictions de fumer pullulent dans les lieux publics. Toutefois, ces interdictions sont-elles bien l\u00e9gales ? Nous avons men\u00e9 notre petite","robots":{"index":"index","follow":"follow","max-snippet":"max-snippet:-1","max-image-preview":"max-image-preview:large","max-video-preview":"max-video-preview:-1"},"canonical":"https:\/\/blog.smoking.fr\/interdiction-de-fumer-dans-les-jardins-et-sur-les-plages-est-ce-legal\/","og_locale":"fr_FR","og_type":"article","og_title":"Interdiction de fumer dans les jardins et sur les plages : est-ce l\u00e9gal ? Blog smoking.fr","og_description":"De nombreuses interdictions de fumer pullulent dans les lieux publics. Toutefois, ces interdictions sont-elles bien l\u00e9gales ? Nous avons men\u00e9 notre petite","og_url":"https:\/\/blog.smoking.fr\/interdiction-de-fumer-dans-les-jardins-et-sur-les-plages-est-ce-legal\/","og_site_name":"Blog smoking.fr","article_published_time":"2021-08-11T12:27:07+00:00","article_modified_time":"2025-05-15T11:37:45+00:00","og_image":[{"width":1280,"height":853,"url":"https:\/\/cdn.blog.smoking.fr\/wp-content\/uploads\/2021\/07\/fumer-plage-et-jardin-002.jpg","type":"image\/jpeg"}],"author":"smoking","twitter_card":"summary_large_image","twitter_misc":{"\u00c9crit par":"smoking","Dur\u00e9e de lecture estim\u00e9e":"2 minutes"},"schema":{"@context":"https:\/\/schema.org","@graph":[{"@type":"Article","@id":"https:\/\/blog.smoking.fr\/interdiction-de-fumer-dans-les-jardins-et-sur-les-plages-est-ce-legal\/#article","isPartOf":{"@id":"https:\/\/blog.smoking.fr\/interdiction-de-fumer-dans-les-jardins-et-sur-les-plages-est-ce-legal\/"},"author":{"name":"smoking","@id":"https:\/\/blog.smoking.fr\/#\/schema\/person\/66f05f6c494f2aa18471a27e3851e747"},"headline":"Interdiction de fumer dans les jardins et sur les plages : est-ce l\u00e9gal ?","datePublished":"2021-08-11T12:27:07+00:00","dateModified":"2025-05-15T11:37:45+00:00","mainEntityOfPage":{"@id":"https:\/\/blog.smoking.fr\/interdiction-de-fumer-dans-les-jardins-et-sur-les-plages-est-ce-legal\/"},"wordCount":382,"publisher":{"@id":"https:\/\/blog.smoking.fr\/#organization"},"image":{"@id":"https:\/\/blog.smoking.fr\/interdiction-de-fumer-dans-les-jardins-et-sur-les-plages-est-ce-legal\/#primaryimage"},"thumbnailUrl":"https:\/\/cdn.blog.smoking.fr\/wp-content\/uploads\/2021\/07\/fumer-plage-et-jardin-002.jpg","articleSection":["Actus &amp; Interviews"],"inLanguage":"fr-FR"},{"@type":"WebPage","@id":"https:\/\/blog.smoking.fr\/interdiction-de-fumer-dans-les-jardins-et-sur-les-plages-est-ce-legal\/","url":"https:\/\/blog.smoking.fr\/interdiction-de-fumer-dans-les-jardins-et-sur-les-plages-est-ce-legal\/","name":"Interdiction de fumer dans les jardins et sur les plages : est-ce l\u00e9gal ? Blog smoking.fr","isPartOf":{"@id":"https:\/\/blog.smoking.fr\/#website"},"primaryImageOfPage":{"@id":"https:\/\/blog.smoking.fr\/interdiction-de-fumer-dans-les-jardins-et-sur-les-plages-est-ce-legal\/#primaryimage"},"image":{"@id":"https:\/\/blog.smoking.fr\/interdiction-de-fumer-dans-les-jardins-et-sur-les-plages-est-ce-legal\/#primaryimage"},"thumbnailUrl":"https:\/\/cdn.blog.smoking.fr\/wp-content\/uploads\/2021\/07\/fumer-plage-et-jardin-002.jpg","datePublished":"2021-08-11T12:27:07+00:00","dateModified":"2025-05-15T11:37:45+00:00","description":"De nombreuses interdictions de fumer pullulent dans les lieux publics. Toutefois, ces interdictions sont-elles bien l\u00e9gales ? Nous avons men\u00e9 notre petite","breadcrumb":{"@id":"https:\/\/blog.smoking.fr\/interdiction-de-fumer-dans-les-jardins-et-sur-les-plages-est-ce-legal\/#breadcrumb"},"inLanguage":"fr-FR","potentialAction":[{"@type":"ReadAction","target":["https:\/\/blog.smoking.fr\/interdiction-de-fumer-dans-les-jardins-et-sur-les-plages-est-ce-legal\/"]}]},{"@type":"ImageObject","inLanguage":"fr-FR","@id":"https:\/\/blog.smoking.fr\/interdiction-de-fumer-dans-les-jardins-et-sur-les-plages-est-ce-legal\/#primaryimage","url":"https:\/\/cdn.blog.smoking.fr\/wp-content\/uploads\/2021\/07\/fumer-plage-et-jardin-002.jpg","contentUrl":"https:\/\/cdn.blog.smoking.fr\/wp-content\/uploads\/2021\/07\/fumer-plage-et-jardin-002.jpg","width":1280,"height":853},{"@type":"BreadcrumbList","@id":"https:\/\/blog.smoking.fr\/interdiction-de-fumer-dans-les-jardins-et-sur-les-plages-est-ce-legal\/#breadcrumb","itemListElement":[{"@type":"ListItem","position":1,"name":"Home","item":"https:\/\/blog.smoking.fr\/"},{"@type":"ListItem","position":2,"name":"Interdiction de fumer dans les jardins et sur les plages : est-ce l\u00e9gal ?"}]},{"@type":"WebSite","@id":"https:\/\/blog.smoking.fr\/#website","url":"https:\/\/blog.smoking.fr\/","name":"Blog smoking.fr","description":"Blog smoking.fr","publisher":{"@id":"https:\/\/blog.smoking.fr\/#organization"},"potentialAction":[{"@type":"SearchAction","target":{"@type":"EntryPoint","urlTemplate":"https:\/\/blog.smoking.fr\/?s={search_term_string}"},"query-input":{"@type":"PropertyValueSpecification","valueRequired":true,"valueName":"search_term_string"}}],"inLanguage":"fr-FR"},{"@type":"Organization","@id":"https:\/\/blog.smoking.fr\/#organization","name":"Blog Smoking.fr","url":"https:\/\/blog.smoking.fr\/","logo":{"@type":"ImageObject","inLanguage":"fr-FR","@id":"https:\/\/blog.smoking.fr\/#\/schema\/logo\/image\/","url":"https:\/\/cdn.blog.smoking.fr\/wp-content\/uploads\/2021\/03\/cropped-Logo_Le-Blog-1.png","contentUrl":"https:\/\/cdn.blog.smoking.fr\/wp-content\/uploads\/2021\/03\/cropped-Logo_Le-Blog-1.png","width":149,"height":70,"caption":"Blog Smoking.fr"},"image":{"@id":"https:\/\/blog.smoking.fr\/#\/schema\/logo\/image\/"}},{"@type":"Person","@id":"https:\/\/blog.smoking.fr\/#\/schema\/person\/66f05f6c494f2aa18471a27e3851e747","name":"smoking","image":{"@type":"ImageObject","inLanguage":"fr-FR","@id":"https:\/\/secure.gravatar.com\/avatar\/68ca6f1d7f2bc912ac04391fee35b378fad8d6526444f2a576a3593c5b1ddb26?s=96&d=mm&r=g","url":"https:\/\/secure.gravatar.com\/avatar\/68ca6f1d7f2bc912ac04391fee35b378fad8d6526444f2a576a3593c5b1ddb26?s=96&d=mm&r=g","contentUrl":"https:\/\/secure.gravatar.com\/avatar\/68ca6f1d7f2bc912ac04391fee35b378fad8d6526444f2a576a3593c5b1ddb26?s=96&d=mm&r=g","caption":"smoking"},"sameAs":["https:\/\/blog.smoking.fr"]}]}},"_links":{"self":[{"href":"https:\/\/blog.smoking.fr\/wp-json\/wp\/v2\/posts\/1674","targetHints":{"allow":["GET"]}}],"collection":[{"href":"https:\/\/blog.smoking.fr\/wp-json\/wp\/v2\/posts"}],"about":[{"href":"https:\/\/blog.smoking.fr\/wp-json\/wp\/v2\/types\/post"}],"author":[{"embeddable":true,"href":"https:\/\/blog.smoking.fr\/wp-json\/wp\/v2\/users\/1"}],"replies":[{"embeddable":true,"href":"https:\/\/blog.smoking.fr\/wp-json\/wp\/v2\/comments?post=1674"}],"version-history":[{"count":3,"href":"https:\/\/blog.smoking.fr\/wp-json\/wp\/v2\/posts\/1674\/revisions"}],"predecessor-version":[{"id":2909,"href":"https:\/\/blog.smoking.fr\/wp-json\/wp\/v2\/posts\/1674\/revisions\/2909"}],"wp:featuredmedia":[{"embeddable":true,"href":"https:\/\/blog.smoking.fr\/wp-json\/wp\/v2\/media\/1675"}],"wp:attachment":[{"href":"https:\/\/blog.smoking.fr\/wp-json\/wp\/v2\/media?parent=1674"}],"wp:term":[{"taxonomy":"category","embeddable":true,"href":"https:\/\/blog.smoking.fr\/wp-json\/wp\/v2\/categories?post=1674"},{"taxonomy":"post_tag","embeddable":true,"href":"https:\/\/blog.smoking.fr\/wp-json\/wp\/v2\/tags?post=1674"}],"curies":[{"name":"wp","href":"https:\/\/api.w.org\/{rel}","templated":true}]}}