{"id":1070,"date":"2014-05-27T09:42:12","date_gmt":"2014-05-27T07:42:12","guid":{"rendered":"https:\/\/blog.smoking.fr\/?p=1070"},"modified":"2021-03-26T09:48:54","modified_gmt":"2021-03-26T08:48:54","slug":"tabac-francais-favorables-plus-de-restrictions","status":"publish","type":"post","link":"https:\/\/blog.smoking.fr\/tabac-francais-favorables-plus-de-restrictions\/","title":{"rendered":"Tabac: les Fran\u00e7ais favorables \u00e0 plus de restrictions"},"content":{"rendered":"<p>Selon un sondage r\u00e9alis\u00e9 par Ipsos pour une association anti-tabac, 95% des Fran\u00e7ais seraient favorables \u00e0 l&rsquo;<strong>interdiction de fumer<\/strong>\u00a0en voiture transportant des enfants et 84% souhaitent \u00e9galement une interdiction de la cigarette dans certains lieux publics tels que les \u00e9coles.<\/p>\n<h2>Protection des enfants dans les v\u00e9hicules fumeurs<\/h2>\n<p>Cette enqu\u00eate d\u00e9montre une fois de plus la volont\u00e9 des fran\u00e7ais \u00e0 bannir encore plus la cigarette du quotidien, notamment dans le cadre de la protection des enfants. C\u2019est le cas aujourd\u2019hui dans plusieurs \u00e9tats comme l\u2019Afrique du Sud, Etats-Unis, Canada ou Australie dont la cigarette est d\u00e9j\u00e0 interdite dans les v\u00e9hicules avec pr\u00e9sence de mineurs et enfants. En effet, des \u00e9tudes d\u00e9montrent un taux de particules fines, nuisibles aux poumons,\u00a0<strong>10 fois sup\u00e9rieurs<\/strong>\u00a0\u00e0 l\u2019arri\u00e8re des si\u00e8ges du v\u00e9hicule.<\/p>\n<h3>Interdiction de la cigarette pr\u00e8s des \u00e9coles<\/h3>\n<p>L\u2019enqu\u00eate Ipsos r\u00e9v\u00e8le \u00e9galement que 84% de la population sond\u00e9e serait tr\u00e8s propice \u00e0 l\u2019<strong>interdiction de fumer pr\u00e8s des \u00e9coles<\/strong>. Les fran\u00e7ais jugent, en effet, \u00ab\u00a0souhaitables\u00a0\u00bb une \u00ab\u00a0protection\u00a0\u00bb des personnes \u00ab\u00a0aux abords des \u00e9tablissements scolaires\u00a0\u00bb.<br \/>\nSont \u00e9galement concern\u00e9 par cet avis, les \u00ab\u00a0parcs et jardins publics d\u00e9di\u00e9s aux enfants\u00a0\u00bb 83% des sond\u00e9s sont \u00ab\u00a0favorables\u00a0\u00bb \u00e0 une interdiction, \u00e9galement dans les stades, abribus et dans les files d&rsquo;attentes \u00e0 l&rsquo;ext\u00e9rieur pour 82% d\u2019entre eux. Les terrasses des caf\u00e9s, restaurants pour 72% des sond\u00e9s ainsi que sur les plages \u00e0 72% \u00e9galement.<\/p>\n<p style=\"text-align: center;\"><em>\u00ab\u00a0Lorsqu&rsquo;il s&rsquo;agit de prot\u00e9ger l&rsquo;entourage de la fum\u00e9e du tabac dans certains lieux, l&rsquo;adh\u00e9sion est \u00e9lev\u00e9e, et d&rsquo;autant plus que la pr\u00e9sence d&rsquo;enfants est impliqu\u00e9e\u00a0\u00bb<\/em>, commente l&rsquo;Alliance.<\/p>\n<p>Rappelons que le d\u00e9cret Bertrand mise en place depuis d\u00e9but 2007 interdit la cigarette dans les lieux public ferm\u00e9s comme les bars ou restaurants mais que fumer reste autoris\u00e9 dans les espaces publics non couverts et non ferm\u00e9s comme les stades, parcs ou sur les terrasses.<\/p>\n<p>Et vous ? \u00cates-vous favorable \u00e0 une interdiction de la cigarette en pr\u00e9sence d\u2019enfants ? Que ce soit dans votre voiture ou proche d\u2019une \u00e9cole ?<\/p>\n","protected":false},"excerpt":{"rendered":"<p>Selon un sondage r\u00e9alis\u00e9 par Ipsos pour une association anti-tabac, 95% des Fran\u00e7ais seraient favorables \u00e0 l&rsquo;interdiction de fumer\u00a0en voiture transportant des enfants et 84% souhaitent \u00e9galement une interdiction de la cigarette dans certains lieux publics tels que les \u00e9coles. Protection des enfants dans les v\u00e9hicules fumeurs Cette enqu\u00eate d\u00e9montre une fois de plus la volont\u00e9 des fran\u00e7ais \u00e0 bannir encore plus la cigarette du quotidien, notamment dans le cadre de la protection des enfants. C\u2019est le cas aujourd\u2019hui dans &hellip; <\/p>\n","protected":false},"author":1,"featured_media":1076,"comment_status":"closed","ping_status":"closed","sticky":false,"template":"","format":"standard","meta":{"footnotes":""},"categories":[6],"tags":[],"class_list":["post-1070","post","type-post","status-publish","format-standard","has-post-thumbnail","hentry","category-actus-interviews"],"yoast_head":"<!-- This site is optimized with the Yoast SEO plugin v27.5 - https:\/\/yoast.com\/product\/yoast-seo-wordpress\/ -->\n<title>Tabac les Fran\u00e7ais favorables \u00e0 plus de restrictions - Blog Smoking.fr<\/title>\n<meta name=\"description\" content=\"Selon un sondage r\u00e9alis\u00e9 pour une association anti-tabac, 95% des Fran\u00e7ais seraient favorables \u00e0 l&#039;interdiction de fumer en voiture transportant des enfants\" \/>\n<meta name=\"robots\" content=\"index, follow, max-snippet:-1, max-image-preview:large, max-video-preview:-1\" \/>\n<link rel=\"canonical\" href=\"https:\/\/blog.smoking.fr\/tabac-francais-favorables-plus-de-restrictions\/\" \/>\n<meta property=\"og:locale\" content=\"fr_FR\" \/>\n<meta property=\"og:type\" content=\"article\" \/>\n<meta property=\"og:title\" content=\"Tabac les Fran\u00e7ais favorables \u00e0 plus de restrictions - Blog Smoking.fr\" \/>\n<meta property=\"og:description\" content=\"Selon un sondage r\u00e9alis\u00e9 pour une association anti-tabac, 95% des Fran\u00e7ais seraient favorables \u00e0 l&#039;interdiction de fumer en voiture transportant des enfants\" \/>\n<meta property=\"og:url\" content=\"https:\/\/blog.smoking.fr\/tabac-francais-favorables-plus-de-restrictions\/\" \/>\n<meta property=\"og:site_name\" content=\"Blog smoking.fr\" \/>\n<meta property=\"article:published_time\" content=\"2014-05-27T07:42:12+00:00\" \/>\n<meta property=\"article:modified_time\" content=\"2021-03-26T08:48:54+00:00\" \/>\n<meta property=\"og:image\" content=\"https:\/\/cdn.blog.smoking.fr\/wp-content\/uploads\/2021\/03\/restriction.jpg\" \/>\n\t<meta property=\"og:image:width\" content=\"1280\" \/>\n\t<meta property=\"og:image:height\" content=\"853\" \/>\n\t<meta property=\"og:image:type\" content=\"image\/jpeg\" \/>\n<meta name=\"author\" content=\"smoking\" \/>\n<meta name=\"twitter:card\" content=\"summary_large_image\" \/>\n<meta name=\"twitter:label1\" content=\"\u00c9crit par\" \/>\n\t<meta name=\"twitter:data1\" content=\"smoking\" \/>\n\t<meta name=\"twitter:label2\" content=\"Dur\u00e9e de lecture estim\u00e9e\" \/>\n\t<meta name=\"twitter:data2\" content=\"2 minutes\" \/>\n<script type=\"application\/ld+json\" class=\"yoast-schema-graph\">{\"@context\":\"https:\\\/\\\/schema.org\",\"@graph\":[{\"@type\":\"Article\",\"@id\":\"https:\\\/\\\/blog.smoking.fr\\\/tabac-francais-favorables-plus-de-restrictions\\\/#article\",\"isPartOf\":{\"@id\":\"https:\\\/\\\/blog.smoking.fr\\\/tabac-francais-favorables-plus-de-restrictions\\\/\"},\"author\":{\"name\":\"smoking\",\"@id\":\"https:\\\/\\\/blog.smoking.fr\\\/#\\\/schema\\\/person\\\/66f05f6c494f2aa18471a27e3851e747\"},\"headline\":\"Tabac: les Fran\u00e7ais favorables \u00e0 plus de restrictions\",\"datePublished\":\"2014-05-27T07:42:12+00:00\",\"dateModified\":\"2021-03-26T08:48:54+00:00\",\"mainEntityOfPage\":{\"@id\":\"https:\\\/\\\/blog.smoking.fr\\\/tabac-francais-favorables-plus-de-restrictions\\\/\"},\"wordCount\":370,\"publisher\":{\"@id\":\"https:\\\/\\\/blog.smoking.fr\\\/#organization\"},\"image\":{\"@id\":\"https:\\\/\\\/blog.smoking.fr\\\/tabac-francais-favorables-plus-de-restrictions\\\/#primaryimage\"},\"thumbnailUrl\":\"https:\\\/\\\/blog.smoking.fr\\\/wp-content\\\/uploads\\\/2021\\\/03\\\/restriction.jpg\",\"articleSection\":[\"Actus &amp; Interviews\"],\"inLanguage\":\"fr-FR\"},{\"@type\":\"WebPage\",\"@id\":\"https:\\\/\\\/blog.smoking.fr\\\/tabac-francais-favorables-plus-de-restrictions\\\/\",\"url\":\"https:\\\/\\\/blog.smoking.fr\\\/tabac-francais-favorables-plus-de-restrictions\\\/\",\"name\":\"Tabac les Fran\u00e7ais favorables \u00e0 plus de restrictions - Blog Smoking.fr\",\"isPartOf\":{\"@id\":\"https:\\\/\\\/blog.smoking.fr\\\/#website\"},\"primaryImageOfPage\":{\"@id\":\"https:\\\/\\\/blog.smoking.fr\\\/tabac-francais-favorables-plus-de-restrictions\\\/#primaryimage\"},\"image\":{\"@id\":\"https:\\\/\\\/blog.smoking.fr\\\/tabac-francais-favorables-plus-de-restrictions\\\/#primaryimage\"},\"thumbnailUrl\":\"https:\\\/\\\/blog.smoking.fr\\\/wp-content\\\/uploads\\\/2021\\\/03\\\/restriction.jpg\",\"datePublished\":\"2014-05-27T07:42:12+00:00\",\"dateModified\":\"2021-03-26T08:48:54+00:00\",\"description\":\"Selon un sondage r\u00e9alis\u00e9 pour une association anti-tabac, 95% des Fran\u00e7ais seraient favorables \u00e0 l'interdiction de fumer en voiture transportant des enfants\",\"breadcrumb\":{\"@id\":\"https:\\\/\\\/blog.smoking.fr\\\/tabac-francais-favorables-plus-de-restrictions\\\/#breadcrumb\"},\"inLanguage\":\"fr-FR\",\"potentialAction\":[{\"@type\":\"ReadAction\",\"target\":[\"https:\\\/\\\/blog.smoking.fr\\\/tabac-francais-favorables-plus-de-restrictions\\\/\"]}]},{\"@type\":\"ImageObject\",\"inLanguage\":\"fr-FR\",\"@id\":\"https:\\\/\\\/blog.smoking.fr\\\/tabac-francais-favorables-plus-de-restrictions\\\/#primaryimage\",\"url\":\"https:\\\/\\\/blog.smoking.fr\\\/wp-content\\\/uploads\\\/2021\\\/03\\\/restriction.jpg\",\"contentUrl\":\"https:\\\/\\\/blog.smoking.fr\\\/wp-content\\\/uploads\\\/2021\\\/03\\\/restriction.jpg\",\"width\":1280,\"height\":853},{\"@type\":\"BreadcrumbList\",\"@id\":\"https:\\\/\\\/blog.smoking.fr\\\/tabac-francais-favorables-plus-de-restrictions\\\/#breadcrumb\",\"itemListElement\":[{\"@type\":\"ListItem\",\"position\":1,\"name\":\"Home\",\"item\":\"https:\\\/\\\/blog.smoking.fr\\\/\"},{\"@type\":\"ListItem\",\"position\":2,\"name\":\"Tabac: les Fran\u00e7ais favorables \u00e0 plus de restrictions\"}]},{\"@type\":\"WebSite\",\"@id\":\"https:\\\/\\\/blog.smoking.fr\\\/#website\",\"url\":\"https:\\\/\\\/blog.smoking.fr\\\/\",\"name\":\"Blog smoking.fr\",\"description\":\"Blog smoking.fr\",\"publisher\":{\"@id\":\"https:\\\/\\\/blog.smoking.fr\\\/#organization\"},\"potentialAction\":[{\"@type\":\"SearchAction\",\"target\":{\"@type\":\"EntryPoint\",\"urlTemplate\":\"https:\\\/\\\/blog.smoking.fr\\\/?s={search_term_string}\"},\"query-input\":{\"@type\":\"PropertyValueSpecification\",\"valueRequired\":true,\"valueName\":\"search_term_string\"}}],\"inLanguage\":\"fr-FR\"},{\"@type\":\"Organization\",\"@id\":\"https:\\\/\\\/blog.smoking.fr\\\/#organization\",\"name\":\"Blog Smoking.fr\",\"url\":\"https:\\\/\\\/blog.smoking.fr\\\/\",\"logo\":{\"@type\":\"ImageObject\",\"inLanguage\":\"fr-FR\",\"@id\":\"https:\\\/\\\/blog.smoking.fr\\\/#\\\/schema\\\/logo\\\/image\\\/\",\"url\":\"https:\\\/\\\/blog.smoking.fr\\\/wp-content\\\/uploads\\\/2021\\\/03\\\/cropped-Logo_Le-Blog-1.png\",\"contentUrl\":\"https:\\\/\\\/blog.smoking.fr\\\/wp-content\\\/uploads\\\/2021\\\/03\\\/cropped-Logo_Le-Blog-1.png\",\"width\":149,\"height\":70,\"caption\":\"Blog Smoking.fr\"},\"image\":{\"@id\":\"https:\\\/\\\/blog.smoking.fr\\\/#\\\/schema\\\/logo\\\/image\\\/\"}},{\"@type\":\"Person\",\"@id\":\"https:\\\/\\\/blog.smoking.fr\\\/#\\\/schema\\\/person\\\/66f05f6c494f2aa18471a27e3851e747\",\"name\":\"smoking\",\"image\":{\"@type\":\"ImageObject\",\"inLanguage\":\"fr-FR\",\"@id\":\"https:\\\/\\\/secure.gravatar.com\\\/avatar\\\/68ca6f1d7f2bc912ac04391fee35b378fad8d6526444f2a576a3593c5b1ddb26?s=96&d=mm&r=g\",\"url\":\"https:\\\/\\\/secure.gravatar.com\\\/avatar\\\/68ca6f1d7f2bc912ac04391fee35b378fad8d6526444f2a576a3593c5b1ddb26?s=96&d=mm&r=g\",\"contentUrl\":\"https:\\\/\\\/secure.gravatar.com\\\/avatar\\\/68ca6f1d7f2bc912ac04391fee35b378fad8d6526444f2a576a3593c5b1ddb26?s=96&d=mm&r=g\",\"caption\":\"smoking\"},\"sameAs\":[\"https:\\\/\\\/blog.smoking.fr\"]}]}<\/script>\n<!-- \/ Yoast SEO plugin. -->","yoast_head_json":{"title":"Tabac les Fran\u00e7ais favorables \u00e0 plus de restrictions - Blog Smoking.fr","description":"Selon un sondage r\u00e9alis\u00e9 pour une association anti-tabac, 95% des Fran\u00e7ais seraient favorables \u00e0 l'interdiction de fumer en voiture transportant des enfants","robots":{"index":"index","follow":"follow","max-snippet":"max-snippet:-1","max-image-preview":"max-image-preview:large","max-video-preview":"max-video-preview:-1"},"canonical":"https:\/\/blog.smoking.fr\/tabac-francais-favorables-plus-de-restrictions\/","og_locale":"fr_FR","og_type":"article","og_title":"Tabac les Fran\u00e7ais favorables \u00e0 plus de restrictions - Blog Smoking.fr","og_description":"Selon un sondage r\u00e9alis\u00e9 pour une association anti-tabac, 95% des Fran\u00e7ais seraient favorables \u00e0 l'interdiction de fumer en voiture transportant des enfants","og_url":"https:\/\/blog.smoking.fr\/tabac-francais-favorables-plus-de-restrictions\/","og_site_name":"Blog smoking.fr","article_published_time":"2014-05-27T07:42:12+00:00","article_modified_time":"2021-03-26T08:48:54+00:00","og_image":[{"width":1280,"height":853,"url":"https:\/\/cdn.blog.smoking.fr\/wp-content\/uploads\/2021\/03\/restriction.jpg","type":"image\/jpeg"}],"author":"smoking","twitter_card":"summary_large_image","twitter_misc":{"\u00c9crit par":"smoking","Dur\u00e9e de lecture estim\u00e9e":"2 minutes"},"schema":{"@context":"https:\/\/schema.org","@graph":[{"@type":"Article","@id":"https:\/\/blog.smoking.fr\/tabac-francais-favorables-plus-de-restrictions\/#article","isPartOf":{"@id":"https:\/\/blog.smoking.fr\/tabac-francais-favorables-plus-de-restrictions\/"},"author":{"name":"smoking","@id":"https:\/\/blog.smoking.fr\/#\/schema\/person\/66f05f6c494f2aa18471a27e3851e747"},"headline":"Tabac: les Fran\u00e7ais favorables \u00e0 plus de restrictions","datePublished":"2014-05-27T07:42:12+00:00","dateModified":"2021-03-26T08:48:54+00:00","mainEntityOfPage":{"@id":"https:\/\/blog.smoking.fr\/tabac-francais-favorables-plus-de-restrictions\/"},"wordCount":370,"publisher":{"@id":"https:\/\/blog.smoking.fr\/#organization"},"image":{"@id":"https:\/\/blog.smoking.fr\/tabac-francais-favorables-plus-de-restrictions\/#primaryimage"},"thumbnailUrl":"https:\/\/cdn.blog.smoking.fr\/wp-content\/uploads\/2021\/03\/restriction.jpg","articleSection":["Actus &amp; Interviews"],"inLanguage":"fr-FR"},{"@type":"WebPage","@id":"https:\/\/blog.smoking.fr\/tabac-francais-favorables-plus-de-restrictions\/","url":"https:\/\/blog.smoking.fr\/tabac-francais-favorables-plus-de-restrictions\/","name":"Tabac les Fran\u00e7ais favorables \u00e0 plus de restrictions - Blog Smoking.fr","isPartOf":{"@id":"https:\/\/blog.smoking.fr\/#website"},"primaryImageOfPage":{"@id":"https:\/\/blog.smoking.fr\/tabac-francais-favorables-plus-de-restrictions\/#primaryimage"},"image":{"@id":"https:\/\/blog.smoking.fr\/tabac-francais-favorables-plus-de-restrictions\/#primaryimage"},"thumbnailUrl":"https:\/\/cdn.blog.smoking.fr\/wp-content\/uploads\/2021\/03\/restriction.jpg","datePublished":"2014-05-27T07:42:12+00:00","dateModified":"2021-03-26T08:48:54+00:00","description":"Selon un sondage r\u00e9alis\u00e9 pour une association anti-tabac, 95% des Fran\u00e7ais seraient favorables \u00e0 l'interdiction de fumer en voiture transportant des enfants","breadcrumb":{"@id":"https:\/\/blog.smoking.fr\/tabac-francais-favorables-plus-de-restrictions\/#breadcrumb"},"inLanguage":"fr-FR","potentialAction":[{"@type":"ReadAction","target":["https:\/\/blog.smoking.fr\/tabac-francais-favorables-plus-de-restrictions\/"]}]},{"@type":"ImageObject","inLanguage":"fr-FR","@id":"https:\/\/blog.smoking.fr\/tabac-francais-favorables-plus-de-restrictions\/#primaryimage","url":"https:\/\/cdn.blog.smoking.fr\/wp-content\/uploads\/2021\/03\/restriction.jpg","contentUrl":"https:\/\/cdn.blog.smoking.fr\/wp-content\/uploads\/2021\/03\/restriction.jpg","width":1280,"height":853},{"@type":"BreadcrumbList","@id":"https:\/\/blog.smoking.fr\/tabac-francais-favorables-plus-de-restrictions\/#breadcrumb","itemListElement":[{"@type":"ListItem","position":1,"name":"Home","item":"https:\/\/blog.smoking.fr\/"},{"@type":"ListItem","position":2,"name":"Tabac: les Fran\u00e7ais favorables \u00e0 plus de restrictions"}]},{"@type":"WebSite","@id":"https:\/\/blog.smoking.fr\/#website","url":"https:\/\/blog.smoking.fr\/","name":"Blog smoking.fr","description":"Blog smoking.fr","publisher":{"@id":"https:\/\/blog.smoking.fr\/#organization"},"potentialAction":[{"@type":"SearchAction","target":{"@type":"EntryPoint","urlTemplate":"https:\/\/blog.smoking.fr\/?s={search_term_string}"},"query-input":{"@type":"PropertyValueSpecification","valueRequired":true,"valueName":"search_term_string"}}],"inLanguage":"fr-FR"},{"@type":"Organization","@id":"https:\/\/blog.smoking.fr\/#organization","name":"Blog Smoking.fr","url":"https:\/\/blog.smoking.fr\/","logo":{"@type":"ImageObject","inLanguage":"fr-FR","@id":"https:\/\/blog.smoking.fr\/#\/schema\/logo\/image\/","url":"https:\/\/cdn.blog.smoking.fr\/wp-content\/uploads\/2021\/03\/cropped-Logo_Le-Blog-1.png","contentUrl":"https:\/\/cdn.blog.smoking.fr\/wp-content\/uploads\/2021\/03\/cropped-Logo_Le-Blog-1.png","width":149,"height":70,"caption":"Blog Smoking.fr"},"image":{"@id":"https:\/\/blog.smoking.fr\/#\/schema\/logo\/image\/"}},{"@type":"Person","@id":"https:\/\/blog.smoking.fr\/#\/schema\/person\/66f05f6c494f2aa18471a27e3851e747","name":"smoking","image":{"@type":"ImageObject","inLanguage":"fr-FR","@id":"https:\/\/secure.gravatar.com\/avatar\/68ca6f1d7f2bc912ac04391fee35b378fad8d6526444f2a576a3593c5b1ddb26?s=96&d=mm&r=g","url":"https:\/\/secure.gravatar.com\/avatar\/68ca6f1d7f2bc912ac04391fee35b378fad8d6526444f2a576a3593c5b1ddb26?s=96&d=mm&r=g","contentUrl":"https:\/\/secure.gravatar.com\/avatar\/68ca6f1d7f2bc912ac04391fee35b378fad8d6526444f2a576a3593c5b1ddb26?s=96&d=mm&r=g","caption":"smoking"},"sameAs":["https:\/\/blog.smoking.fr"]}]}},"_links":{"self":[{"href":"https:\/\/blog.smoking.fr\/wp-json\/wp\/v2\/posts\/1070","targetHints":{"allow":["GET"]}}],"collection":[{"href":"https:\/\/blog.smoking.fr\/wp-json\/wp\/v2\/posts"}],"about":[{"href":"https:\/\/blog.smoking.fr\/wp-json\/wp\/v2\/types\/post"}],"author":[{"embeddable":true,"href":"https:\/\/blog.smoking.fr\/wp-json\/wp\/v2\/users\/1"}],"replies":[{"embeddable":true,"href":"https:\/\/blog.smoking.fr\/wp-json\/wp\/v2\/comments?post=1070"}],"version-history":[{"count":1,"href":"https:\/\/blog.smoking.fr\/wp-json\/wp\/v2\/posts\/1070\/revisions"}],"predecessor-version":[{"id":1077,"href":"https:\/\/blog.smoking.fr\/wp-json\/wp\/v2\/posts\/1070\/revisions\/1077"}],"wp:featuredmedia":[{"embeddable":true,"href":"https:\/\/blog.smoking.fr\/wp-json\/wp\/v2\/media\/1076"}],"wp:attachment":[{"href":"https:\/\/blog.smoking.fr\/wp-json\/wp\/v2\/media?parent=1070"}],"wp:term":[{"taxonomy":"category","embeddable":true,"href":"https:\/\/blog.smoking.fr\/wp-json\/wp\/v2\/categories?post=1070"},{"taxonomy":"post_tag","embeddable":true,"href":"https:\/\/blog.smoking.fr\/wp-json\/wp\/v2\/tags?post=1070"}],"curies":[{"name":"wp","href":"https:\/\/api.w.org\/{rel}","templated":true}]}}